{"id":7192,"date":"2024-04-30T22:54:43","date_gmt":"2024-04-30T20:54:43","guid":{"rendered":"https:\/\/pasaenmendoza.com\/?p=7192"},"modified":"2024-04-30T22:54:44","modified_gmt":"2024-04-30T20:54:44","slug":"el-titular-de-las-inmobiliarias-de-mendoza-anticipo-que-alquilar-con-2-habitaciones-costara-mas-de-250-000","status":"publish","type":"post","link":"https:\/\/pasaenmendoza.com\/?p=7192","title":{"rendered":"El titular de las inmobiliarias de Mendoza anticip\u00f3 que alquilar con 2 habitaciones costar\u00e1 m\u00e1s de $250.000"},"content":{"rendered":"\n<p>En mayo, el\u00a0<strong>aumento de los alquileres<\/strong>\u00a0ser\u00e1 del\u00a0<strong>220,98% interanual<\/strong>, tal como habilita la vieja ley y que comprende a quienes hayan firmado contratos antes de\u00a0<strong>diciembre de 2023<\/strong>.<\/p>\n\n\n\n<p><strong>Roberto Irrera, presidente de la C\u00e1mara Inmobiliaria de Mendoza<\/strong>, dijo que este ajuste har\u00e1 que la situaci\u00f3n del rubro sea &#8220;<strong>m\u00e1s compleja durante los pr\u00f3ximos meses<\/strong>&nbsp;porque, adem\u00e1s, se vienen los incrementos en los servicios, sobre todo en la luz y el gas&#8221;.<\/p>\n\n\n\n<p>El referente habl\u00f3 sobre\u00a0<strong>el presente del mercado<\/strong>.<\/p>\n\n\n\n<p><strong>-\u00bfCu\u00e1nto puede llegar a costar un alquiler en mayo?<\/strong><\/p>\n\n\n\n<p>-Una propiedad de 2 dormitorios,\u00a0<strong>entre $250.000 y $280.000<\/strong>. <strong>Y de un dormitorio, $150.000, $170.000,<\/strong> dependiendo obviamente del lugar.<\/p>\n\n\n\n<p>La crisis, que no es nueva y que se ha potenciado en los \u00faltimos tiempos, no ha generado altos \u00edndices de\u00a0<strong>morosidad\u00a0<\/strong>-&#8220;un 4,5% promedio&#8221;- de parte de los inquilinos. Lo dijo Irrera tomando como referencia informaci\u00f3n de la\u00a0<strong>Federaci\u00f3n Inmobiliaria<\/strong>.<\/p>\n\n\n\n<h2 class=\"wp-block-heading\">El mercado inmobiliario est\u00e1 activo<\/h2>\n\n\n\n<p>El dirigente de la C\u00e1mara Inmobiliaria de Mendoza dijo que en las \u00faltimas semanas &#8220;el tel\u00e9fono ha empezado a sonar m\u00e1s&#8221;; met\u00e1fora para explicar que&nbsp;<strong>hay m\u00e1s consultas e inter\u00e9s del mercado por alquilar.<\/strong><\/p>\n\n\n\n<figure class=\"wp-block-image\"><img decoding=\"async\" src=\"https:\/\/media.diariouno.com.ar\/p\/034bde1c8be0248d14508cb2e4f398da\/adjuntos\/298\/imagenes\/009\/208\/0009208817\/1200x0\/smart\/alquileresjpg.jpg\" alt=\"Viviendas en alquiler en Mendoza.\" title=\"Viviendas en alquiler en Mendoza.\"\/><\/figure>\n\n\n\n<p>El mercado est\u00e1 activo desde un par de semanas, explic\u00f3, &#8220;debido a la baja de las tasas de inter\u00e9s y a que el d\u00f3lar se mantiene medianamente estable&#8221;.<\/p>\n\n\n\n<p><strong>Irrera distingui\u00f3 dos situaciones completamente diferentes acerca de los ajustes de los precios de los alquileres en Mendoza.<\/strong><\/p>\n\n\n\n<p>Por un lado, sigue vigente la&nbsp;<strong>renovaci\u00f3n interanual<\/strong>&nbsp;para quienes contrataron de acuerdo a la vieja ley. Hoy es del&nbsp;<strong>220,98%<\/strong>.<\/p>\n\n\n\n<p>Por otro, para quienes firmaron desde diciembre de 2023 en adelante,\u00a0<strong>rige la actualizaci\u00f3n que se haya pactado entre inquilinos y propietarios<\/strong>. En algunos casos es bimestral; en otros, trimestral y hasta cuatrimestral y de acuerdo al porcentaje convenido previamente.<\/p>\n\n\n\n<p><strong>Fuente: www.diariouno.com.ar<\/strong><\/p>\n","protected":false},"excerpt":{"rendered":"<p>En mayo, el\u00a0aumento de los alquileres\u00a0ser\u00e1 del\u00a0220,98% interanual, tal como habilita la vieja ley y que comprende a quienes hayan firmado contratos antes de\u00a0diciembre de 2023. Roberto Irrera, presidente de la C\u00e1mara Inmobiliaria de Mendoza, dijo que este ajuste har\u00e1 que la situaci\u00f3n del rubro sea &#8220;m\u00e1s compleja durante los pr\u00f3ximos meses&nbsp;porque, adem\u00e1s, se vienen [&hellip;]<\/p>\n","protected":false},"author":2,"featured_media":7193,"comment_status":"open","ping_status":"open","sticky":false,"template":"","format":"standard","meta":[],"categories":[69],"tags":[],"_links":{"self":[{"href":"https:\/\/pasaenmendoza.com\/index.php?rest_route=\/wp\/v2\/posts\/7192"}],"collection":[{"href":"https:\/\/pasaenmendoza.com\/index.php?rest_route=\/wp\/v2\/posts"}],"about":[{"href":"https:\/\/pasaenmendoza.com\/index.php?rest_route=\/wp\/v2\/types\/post"}],"author":[{"embeddable":true,"href":"https:\/\/pasaenmendoza.com\/index.php?rest_route=\/wp\/v2\/users\/2"}],"replies":[{"embeddable":true,"href":"https:\/\/pasaenmendoza.com\/index.php?rest_route=%2Fwp%2Fv2%2Fcomments&post=7192"}],"version-history":[{"count":1,"href":"https:\/\/pasaenmendoza.com\/index.php?rest_route=\/wp\/v2\/posts\/7192\/revisions"}],"predecessor-version":[{"id":7194,"href":"https:\/\/pasaenmendoza.com\/index.php?rest_route=\/wp\/v2\/posts\/7192\/revisions\/7194"}],"wp:featuredmedia":[{"embeddable":true,"href":"https:\/\/pasaenmendoza.com\/index.php?rest_route=\/wp\/v2\/media\/7193"}],"wp:attachment":[{"href":"https:\/\/pasaenmendoza.com\/index.php?rest_route=%2Fwp%2Fv2%2Fmedia&parent=7192"}],"wp:term":[{"taxonomy":"category","embeddable":true,"href":"https:\/\/pasaenmendoza.com\/index.php?rest_route=%2Fwp%2Fv2%2Fcategories&post=7192"},{"taxonomy":"post_tag","embeddable":true,"href":"https:\/\/pasaenmendoza.com\/index.php?rest_route=%2Fwp%2Fv2%2Ftags&post=7192"}],"curies":[{"name":"wp","href":"https:\/\/api.w.org\/{rel}","templated":true}]}}