{"id":7195,"date":"2024-05-01T00:13:54","date_gmt":"2024-04-30T22:13:54","guid":{"rendered":"https:\/\/pasaenmendoza.com\/?p=7195"},"modified":"2024-05-01T00:14:20","modified_gmt":"2024-04-30T22:14:20","slug":"cuanto-saldra-el-servicio-de-grua-y-auxilio-mecanico-que-ya-no-cubriran-los-seguros","status":"publish","type":"post","link":"https:\/\/pasaenmendoza.com\/?p=7195","title":{"rendered":"Cu\u00e1nto saldr\u00e1 el servicio de gr\u00faa y auxilio mec\u00e1nico que ya no cubrir\u00e1n los seguros"},"content":{"rendered":"\n<p><mark>Las&nbsp;compa\u00f1\u00edas de seguros ya no estar\u00e1n obligadas a cubrir el servicio de gr\u00faa&nbsp;y esto cambiar\u00e1 la forma en que los conductores deber\u00e1n pedir y costear el auxilio.&nbsp;<\/mark>En paralelo, varias empresas de remolque analizan lanzar planes flexibles y para todos los bolsillos.<\/p>\n\n\n\n<p>La medida de la Superintendencia de Seguros de la Naci\u00f3n fue anunciada el viernes en el Bolet\u00edn Oficial y alcanzar\u00e1 a millones de automovilistas de la Argentina, ya que la p\u00f3liza del seguro no cubrir\u00e1 dichos servicios.<\/p>\n\n\n\n<p>Tras la normativa,&nbsp;<mark>los usuarios deber\u00e1n costear el servicio de manera particular,<\/mark>&nbsp;lo que implica un gasto importante si se tiene en cuenta que&nbsp;<mark>por kil\u00f3metro recorrido se tiene que pagar entre 1.100 o 1.200 pesos,&nbsp;<\/mark>siempre teniendo en cuenta que el servicio se cobra de ida y de vuelta.<\/p>\n\n\n\n<p>Un dato que no es menor es que<mark>&nbsp;el 90% de los clientes que contrataba un seguro lo hac\u00eda consultando por el servicio de gr\u00faa o asistencia mec\u00e1nica<\/mark>, por lo que el malestar es grande.<\/p>\n\n\n\n<p>La resoluci\u00f3n 271\/2024 que&nbsp;<mark>se pondr\u00e1 en vigencia dentro de 90 d\u00edas,<\/mark>&nbsp;determin\u00f3, adem\u00e1s, que&nbsp;<mark>los gastos de traslado y estad\u00eda ser\u00e1n cubiertos por el asegurador \u00fanicamente en caso de siniestro por da\u00f1o, incendio, robo o hurto.<\/mark><\/p>\n\n\n\n<p><object data=\"https:\/\/newspack-elsol.s3.amazonaws.com\/wp-content\/uploads\/2024\/04\/servicio-de-grua-y-auxilio-mecanico.pdf\" type=\"application\/pdf\"><\/object><\/p>\n\n\n\n<h2 class=\"wp-block-heading\" id=\"h-las-empresas-de-remolque-a-la-caza-de-clientes\">Las empresas de remolque a la caza de clientes<\/h2>\n\n\n\n<p><mark>Mientras se aguarda la entrada en vigencia de la norma,&nbsp;<\/mark><mark>varias empresas de gr\u00faa preparar\u00e1n planes especiales&nbsp;<\/mark>para brindar la atenci\u00f3n a sus clientes, sobre todo, porque el servicio ofrecido por las aseguradoras inclu\u00eda, en algunos casos, hasta dos asistencias mensuales.<\/p>\n\n\n\n<p><em>\u201cEn la actualidad, varias compa\u00f1\u00edas de remolque ofrecen ese servicio de manera individual, muchos clientes lo contratan por afuera de lo que los seguros ofrecen y los precios var\u00edan mucho de acuerdo con las distancias\u201d,<\/em>&nbsp;coment\u00f3&nbsp;<strong>Rub\u00e9n Gonz\u00e1lez,<\/strong>&nbsp;due\u00f1o de Gr\u00faas Auxiliarte.<\/p>\n\n\n\n<p>El empresario expres\u00f3 que hoy cuentan con coberturas locales y nacionales y los planes ofrecidos son relativamente accesibles. Asimismo, dijo que&nbsp;<mark>no descartan reformularlos y ofrecer un servicio mensual, con costos diferenciales.<\/mark><\/p>\n\n\n\n<p><em>\u201cNo todos los automovilistas tienen las mismas necesidades, hay algunos que solo se manejan en el radio urbano de la provincia, otros que viajan por distintas partes de Mendoza y est\u00e1n los que manejan por las rutas nacionales\u201d<\/em>, refiri\u00f3 Gonz\u00e1lez.<\/p>\n\n\n\n<p>En cuanto a las coberturas dentro de Mendoza, con un radio de hasta 50 kil\u00f3metros tiene un costo aproximado de 5.000 pesos mensuales; una cobertura de 300 kil\u00f3metros (que cubre pr\u00e1cticamente toda la provincia) tiene un costo de 7.000 pesos, aproximadamente; y una nacional con un radio de hasta 300 kil\u00f3metros cuesta unos 12.000 pesos por mes, aproximadamente.<\/p>\n\n\n\n<h2 class=\"wp-block-heading\" id=\"h-las-aseguradoras-expectantes\">Las aseguradoras, expectantes<\/h2>\n\n\n\n<p>La falta de cobertura por parte de las aseguradoras en algo tan esencial como es el servicio de gr\u00faa y auxilio mec\u00e1nico&nbsp;<mark>tuvo reacciones adversas<\/mark>. Por un lado, el malestar de muchos automovilistas y, por el otro, el festejo de las compa\u00f1\u00edas, por los costos que esto implicaba en el sector.<\/p>\n\n\n\n<p><em>\u201cPor el momento hay que esperar y ver qu\u00e9 sucede con este tema, hay un plazo de 90 d\u00edas para que esta disposici\u00f3n entre en vigencia y hay que aclarar que las compa\u00f1\u00edas tienen la atribuci\u00f3n comercial para ofrecer alternativas respecto de este tema\u201d<\/em>, asegur\u00f3,&nbsp;<strong>Florencia Rocchietti<\/strong>, productora de seguros y asesora comercial.<\/p>\n\n\n\n<p>En el mercado,&nbsp;<strong>Marcos Salcedo<\/strong>, productor de seguros, expres\u00f3 que no saben c\u00f3mo repercutir\u00e1.&nbsp;<em>\u201cAlgunas empresas seguramente bajen sus precios, pero la realidad es que las tarifas vienen muy desactualizadas respecto a la inflaci\u00f3n, por lo que no creo que se sienta demasiado\u201d,&nbsp;<\/em>advirti\u00f3.<\/p>\n\n\n\n<h2 class=\"wp-block-heading\" id=\"h-una-medida-esperada-por-las-companias\">Una medida esperada por las compa\u00f1\u00edas<\/h2>\n\n\n\n<p>La normativa no es novedosa para las aseguradoras, sino que se esperaba hace tiempo.<\/p>\n\n\n\n<p>\u201cEsto desvirt\u00faa la esencia del seguro, ya que el trabajo de la compa\u00f1\u00eda consiste en cubrir y proteger el patrimonio ante un eventual siniestro. Claramente, esto va a repercutir en los usuarios, ya que tendr\u00e1n que tener los veh\u00edculos en las mejores condiciones que se puedan o contratar un servicio de gr\u00faa aparte de la p\u00f3liza\u201d, recalc\u00f3 Salcedo.<\/p>\n\n\n\n<p>En concordancia con su colega, Rocchietti manifest\u00f3 que \u201cesta decisi\u00f3n era necesaria, ya que los servicios de auxilio mec\u00e1nico y remolque no deber\u00edan formar parte del seguro. Al incluir estos servicios se afecta el principio b\u00e1sico de destinar las primas al cumplimiento de las obligaciones del asegurador y su capacidad econ\u00f3mica y financiera\u201d.<\/p>\n\n\n\n<p>\u201cPara las aseguradoras es muy beneficiosa la normativa, ya que dejar\u00edan de tener el costo de un servicio que no est\u00e1 relacionado con la cobertura del patrimonio. Esto es algo que se viene solicitando hace muchos a\u00f1os y por suerte se logr\u00f3\u201d, dijo el productor de seguro,&nbsp;<strong>Cristian Encabo.<\/strong><\/p>\n\n\n\n<p>Adem\u00e1s, agreg\u00f3 que esta medida permitir\u00e1 que las compa\u00f1\u00edas se posicionen mejor en el mercado, ya que los servicios de gr\u00faa no hac\u00edan m\u00e1s que desprestigiar a la empresa aseguradora por la falta de atenci\u00f3n, las demoras y otros problemas que eran reclamados por los clientes, seg\u00fan justificaron.<\/p>\n\n\n\n<p><strong>Fuente: www.elsol.com.ar<\/strong><\/p>\n","protected":false},"excerpt":{"rendered":"<p>Las&nbsp;compa\u00f1\u00edas de seguros ya no estar\u00e1n obligadas a cubrir el servicio de gr\u00faa&nbsp;y esto cambiar\u00e1 la forma en que los conductores deber\u00e1n pedir y costear el auxilio.&nbsp;En paralelo, varias empresas de remolque analizan lanzar planes flexibles y para todos los bolsillos. La medida de la Superintendencia de Seguros de la Naci\u00f3n fue anunciada el viernes [&hellip;]<\/p>\n","protected":false},"author":2,"featured_media":7196,"comment_status":"open","ping_status":"open","sticky":false,"template":"","format":"standard","meta":[],"categories":[50],"tags":[],"_links":{"self":[{"href":"https:\/\/pasaenmendoza.com\/index.php?rest_route=\/wp\/v2\/posts\/7195"}],"collection":[{"href":"https:\/\/pasaenmendoza.com\/index.php?rest_route=\/wp\/v2\/posts"}],"about":[{"href":"https:\/\/pasaenmendoza.com\/index.php?rest_route=\/wp\/v2\/types\/post"}],"author":[{"embeddable":true,"href":"https:\/\/pasaenmendoza.com\/index.php?rest_route=\/wp\/v2\/users\/2"}],"replies":[{"embeddable":true,"href":"https:\/\/pasaenmendoza.com\/index.php?rest_route=%2Fwp%2Fv2%2Fcomments&post=7195"}],"version-history":[{"count":2,"href":"https:\/\/pasaenmendoza.com\/index.php?rest_route=\/wp\/v2\/posts\/7195\/revisions"}],"predecessor-version":[{"id":7198,"href":"https:\/\/pasaenmendoza.com\/index.php?rest_route=\/wp\/v2\/posts\/7195\/revisions\/7198"}],"wp:featuredmedia":[{"embeddable":true,"href":"https:\/\/pasaenmendoza.com\/index.php?rest_route=\/wp\/v2\/media\/7196"}],"wp:attachment":[{"href":"https:\/\/pasaenmendoza.com\/index.php?rest_route=%2Fwp%2Fv2%2Fmedia&parent=7195"}],"wp:term":[{"taxonomy":"category","embeddable":true,"href":"https:\/\/pasaenmendoza.com\/index.php?rest_route=%2Fwp%2Fv2%2Fcategories&post=7195"},{"taxonomy":"post_tag","embeddable":true,"href":"https:\/\/pasaenmendoza.com\/index.php?rest_route=%2Fwp%2Fv2%2Ftags&post=7195"}],"curies":[{"name":"wp","href":"https:\/\/api.w.org\/{rel}","templated":true}]}}