{"id":7202,"date":"2024-05-02T13:47:51","date_gmt":"2024-05-02T11:47:51","guid":{"rendered":"https:\/\/pasaenmendoza.com\/?p=7202"},"modified":"2024-05-02T13:47:53","modified_gmt":"2024-05-02T11:47:53","slug":"alfredo-cornejo-presenta-un-paquete-de-reformas-en-seguridad-los-5-ejes-del-proyecto","status":"publish","type":"post","link":"https:\/\/pasaenmendoza.com\/?p=7202","title":{"rendered":"Alfredo Cornejo presenta un paquete de reformas en seguridad: los 5 ejes del proyecto"},"content":{"rendered":"\n<p>El gobernador enviar\u00e1 este jueves a la Legislatura una serie propuestas para el combate del delito. La ministra de Seguridad y Justicia, Mercedes Rus, har\u00e1 la presentaci\u00f3n desde las 10.<\/p>\n\n\n\n<p>Durante su discurso ante la Asamblea Legislativa del 1\u00b0 de mayo, el gobernador\u00a0<strong>Alfredo Cornejo<\/strong>\u00a0anunci\u00f3 que enviar\u00e1 a la Legislatura una serie de reformas en materia de\u00a0<strong>seguridad<\/strong>. El paquete de leyes en el que se viene trabajando hace meses ser\u00e1 presentado este jueves por la ministra de Seguridad y Justicia,\u00a0<strong>Mercedes Rus<\/strong>, quien adelant\u00f3 que la iniciativa tendr\u00e1 5 ejes enfocados en un abordaje integral de la prevenci\u00f3n y el combate al delito.<\/p>\n\n\n\n<p>El mandatario provincial detall\u00f3 en su mensaje en la apertura de sesiones legislativas que una de las propuestas que impulsar\u00e1 apunta a combatir los delitos de robo y hurto sobre celulares, bicicletas y autopartes que afectan a miles de mendocinos. Al respecto, buscar\u00e1n conferirle facultades espec\u00edficas de control, inspecci\u00f3n y secuestro a las fuerzas de\u00a0<strong>seguridad<\/strong>, para que puedan desmantelar mercados de bienes robados.<\/p>\n\n\n\n<p>A su vez, hizo hincapi\u00e9 en el denominado \u201cpaquete de fortalecimiento de la Seguridad de Mendoza\u201d y destac\u00f3 que forma parte de una \u201cestrategia amplia para la prevenci\u00f3n del delito, mejorando la investigaci\u00f3n criminal a trav\u00e9s del desarrollo de la base de huellas gen\u00e9ticas, facilitando allanamientos en casos graves, implementando sistemas de videovigilancia con inteligencia artificial y ampliando el juicio por jurado a los delitos de homicidio simple y robo agravado por lesiones graves y grav\u00edsimas, garantizando una adecuada gesti\u00f3n del sistema penitenciario\u201d.<\/p>\n\n\n\n<p>Tras el discurso del gobernador, la ministra Rus explic\u00f3 cu\u00e1les ser\u00e1n los cinco ejes del paquete de leyes que presentar\u00e1 este jueves a las 10 en la Legislatura.<\/p>\n\n\n\n<p>\u201cSe apoya en una mirada de seguridad integral con cinco ejes, pero con la centralidad puesta en lo que tiene que ver con la prevenci\u00f3n. Nuestra principal preocupaci\u00f3n es justamente que no ocurran delitos. As\u00ed que la prevenci\u00f3n es el primer eje\u201d, expres\u00f3 la titular del Ministerio de Seguridad y Justicia.<\/p>\n\n\n\n<p>En ese marco, resalt\u00f3 que buscar\u00e1n fortalecer las competencias de las fuerzas de seguridad, en sinton\u00eda con la propuesta expresada durante el discurso por el gobernador durante su mensaje.<\/p>\n\n\n\n<p>Otro eje tiene que ver con la investigaci\u00f3n y al respecto Rus indic\u00f3 que \u201cintegra la&nbsp;<strong>seguridad&nbsp;<\/strong>p\u00fablica que haya una investigaci\u00f3n oportuna y desburocratizada\u201d. En este sentido, bucar\u00e1n profundizar los cambios que ya se ven\u00edan instrumentando en la provincia desde la primera gesti\u00f3n de Cornejo en lo relacionado a las reformas del C\u00f3digo Procesal Penal, el avance de la oralidad y la implementaci\u00f3n de Juicios por Jurado.<\/p>\n\n\n\n<p>Justamente un tercer eje estar\u00e1 vinculado al juzgamiento, mientras que los dos \u00faltimos ejes apuntar\u00e1n a la&nbsp;<strong>seguridad&nbsp;<\/strong>p\u00fablica y la situaci\u00f3n de las personas privadas de la libertad.<\/p>\n\n\n\n<p>El cuarto punto tiene que ver con una reforma del r\u00e9gimen que regula el Servicio Penitenciario Provincial. \u201cMendoza hoy es una de las \u00fanicas provincias del pa\u00eds que invierte en su sistema y lo hace teniendo en cuenta que forma parte de la seguridad tener un mejor control de los internos y propiciar que despu\u00e9s haya una reinserci\u00f3n positiva\u201d, expres\u00f3 la ministra de Seguridad y Justicia.<\/p>\n\n\n\n<p>Finalmente, la funcionaria provincial destac\u00f3 que \u201cel \u00faltimo eje tiene que ver tambi\u00e9n con el sistema de \u201ccontrol del liberado\u201d.<\/p>\n\n\n\n<p>A su vez, el paquete de leyes incluir\u00eda tambi\u00e9n una propuesta apuntada a combatir la violencia en espect\u00e1culos deportivos, especialmente en partidos de f\u00fatbol.<\/p>\n\n\n\n<p>FUENTE: MDZonline.<\/p>\n","protected":false},"excerpt":{"rendered":"<p>El gobernador enviar\u00e1 este jueves a la Legislatura una serie propuestas para el combate del delito. La ministra de Seguridad y Justicia, Mercedes Rus, har\u00e1 la presentaci\u00f3n desde las 10. Durante su discurso ante la Asamblea Legislativa del 1\u00b0 de mayo, el gobernador\u00a0Alfredo Cornejo\u00a0anunci\u00f3 que enviar\u00e1 a la Legislatura una serie de reformas en materia [&hellip;]<\/p>\n","protected":false},"author":2,"featured_media":7203,"comment_status":"open","ping_status":"open","sticky":true,"template":"","format":"standard","meta":[],"categories":[47],"tags":[],"_links":{"self":[{"href":"https:\/\/pasaenmendoza.com\/index.php?rest_route=\/wp\/v2\/posts\/7202"}],"collection":[{"href":"https:\/\/pasaenmendoza.com\/index.php?rest_route=\/wp\/v2\/posts"}],"about":[{"href":"https:\/\/pasaenmendoza.com\/index.php?rest_route=\/wp\/v2\/types\/post"}],"author":[{"embeddable":true,"href":"https:\/\/pasaenmendoza.com\/index.php?rest_route=\/wp\/v2\/users\/2"}],"replies":[{"embeddable":true,"href":"https:\/\/pasaenmendoza.com\/index.php?rest_route=%2Fwp%2Fv2%2Fcomments&post=7202"}],"version-history":[{"count":1,"href":"https:\/\/pasaenmendoza.com\/index.php?rest_route=\/wp\/v2\/posts\/7202\/revisions"}],"predecessor-version":[{"id":7204,"href":"https:\/\/pasaenmendoza.com\/index.php?rest_route=\/wp\/v2\/posts\/7202\/revisions\/7204"}],"wp:featuredmedia":[{"embeddable":true,"href":"https:\/\/pasaenmendoza.com\/index.php?rest_route=\/wp\/v2\/media\/7203"}],"wp:attachment":[{"href":"https:\/\/pasaenmendoza.com\/index.php?rest_route=%2Fwp%2Fv2%2Fmedia&parent=7202"}],"wp:term":[{"taxonomy":"category","embeddable":true,"href":"https:\/\/pasaenmendoza.com\/index.php?rest_route=%2Fwp%2Fv2%2Fcategories&post=7202"},{"taxonomy":"post_tag","embeddable":true,"href":"https:\/\/pasaenmendoza.com\/index.php?rest_route=%2Fwp%2Fv2%2Ftags&post=7202"}],"curies":[{"name":"wp","href":"https:\/\/api.w.org\/{rel}","templated":true}]}}