{"id":7205,"date":"2024-05-02T13:55:01","date_gmt":"2024-05-02T11:55:01","guid":{"rendered":"https:\/\/pasaenmendoza.com\/?p=7205"},"modified":"2024-05-02T13:55:04","modified_gmt":"2024-05-02T11:55:04","slug":"cual-sera-el-criterio-que-utilizara-el-gobierno-para-asignar-los-fondos-de-portezuelo-del-viento","status":"publish","type":"post","link":"https:\/\/pasaenmendoza.com\/?p=7205","title":{"rendered":"Cu\u00e1l ser\u00e1 el criterio que utilizar\u00e1 el Gobierno para asignar los fondos de Portezuelo del Viento"},"content":{"rendered":"\n<p>El ministro de Gobierno, Infraestructura y Desarrollo Territorial, Natalio Mema, asegur\u00f3 que utilizar\u00e1n \u201ccriterios objetivos\u201d. Descart\u00f3 que se reparta utilizando los criterios de coparticipaci\u00f3n.<\/p>\n\n\n\n<p>El anuncio de la liberaci\u00f3n de los 1.023 millones de d\u00f3lares de<strong>&nbsp;Portezuelo del Viento<\/strong>&nbsp;fue, sin lugar a dudas, lo m\u00e1s destacado que dej\u00f3 el primer discurso de Apertura de Sesiones Ordinarias del segundo mandato de&nbsp;<strong>Alfredo Cornejo.<\/strong><\/p>\n\n\n\n<p><em>\u201cAcabamos de firmar una adenda del acuerdo con el Gobierno Nacional que nos permitir\u00e1 ampliar el destino de los 1.023 millones de d\u00f3lares que pertenecen a Mendoza. Sin dudas, debemos usarlos para obras de agua y energ\u00eda porque son prioritarias para el crecimiento de Mendoza, y repartirlos en toda la Provincia\u201d<\/em>, adelant\u00f3 el mandatario.<\/p>\n\n\n\n<p>El ministro de Gobierno, Infraestructura y Desarrollo Territorial,&nbsp;<strong>Natalio Mema<\/strong>, dio detalles sobre&nbsp;<mark>cu\u00e1l ser\u00e1 el criterio que utilizar\u00e1 la provincia para elegir las obras que se financiar\u00e1n con estos fondos.<\/mark><\/p>\n\n\n\n<p><em>\u201cEs un resarcimiento para toda la provincia, por lo tanto, va a tener la aplicaci\u00f3n federal. Tenemos un sistema de inversi\u00f3n p\u00fablica en donde los intendentes pueden acercar los proyectos que van a ser evaluados con par\u00e1metros objetivos. Primero de impacto en la producci\u00f3n en general y segundo de la posibilidad de repago\u201d<\/em>, indic\u00f3 Mema.&nbsp;<em>\u201cNo es una cuesti\u00f3n que se vaya a repartir siguiendo lineamientos de coparticipaci\u00f3n. Los intendentes pueden presentar proyectos para que sean tenidos en cuenta y priorizados\u201d, agreg\u00f3.<\/em><\/p>\n\n\n\n<p>Adem\u00e1s,&nbsp;<mark>el ministro explic\u00f3 que tendr\u00e1n una atenci\u00f3n especial aquellas obras en donde la Provincia pueda recuperar el dinero que invierta.<\/mark><\/p>\n\n\n\n<p><em>\u201cSe le va a dar prioridad en estas obras a las que tengan repago y mayor impacto, obviamente queremos apuntar a las obras h\u00eddricas y energ\u00e9ticas. Por eso es importante el trabajo que pueden ir haciendo los municipios en ese sentido\u201d<\/em>, detall\u00f3 el funcionario.<\/p>\n\n\n\n<h2 class=\"wp-block-heading\" id=\"h-la-adenda\">La adenda<\/h2>\n\n\n\n<p>La firma de esta adenda se dio el pasado jueves con el ministro de Econom\u00eda,&nbsp;<strong>Luis \u201cToto\u201d Caputo<\/strong>, en donde&nbsp;<mark>se modific\u00f3 el art\u00edculo 3 del acuerdo<\/mark>&nbsp;que firmaron en el a\u00f1o 2019 Alfredo Cornejo junto al por aquel entonces presidente,&nbsp;<strong>Mauricio Macri<\/strong>, que establec\u00eda que los 1.023 millones de d\u00f3lares se pod\u00edan utilizar exclusivamente para obras h\u00eddricas.<\/p>\n\n\n\n<p>Este dinero surge por el perjuicio que le gener\u00f3 el r\u00e9gimen de promoci\u00f3n industrial a Mendoza. El convenio firmado en 2019 establec\u00eda que el dinero s\u00f3lo pod\u00eda usarse para la construcci\u00f3n de Portezuelo del Viento \u201c<em>y\/u otras obras h\u00eddricas necesarias para el desarrollo de la generaci\u00f3n hidroel\u00e9ctrica provincial<\/em>\u201c.<\/p>\n\n\n\n<p>En la pr\u00e1ctica, la cl\u00e1usula funcionaba como una limitaci\u00f3n en el uso que pod\u00eda darle el gobierno provincial a esos fondos.<\/p>\n\n\n\n<h2 class=\"wp-block-heading\" id=\"h-criticas-de-los-intendentes\">Cr\u00edticas de los intendentes<\/h2>\n\n\n\n<p>Luego de finalizado el discurso, uno de los primeros intendentes en hablar fue el de Rivadavia,<strong>&nbsp;Ricardo Manzur,<\/strong>&nbsp;quien pidi\u00f3 que estos fondos se repartan siguiendo criterios coparticipables.<\/p>\n\n\n\n<p><em>\u201cEspero que los fondos se coparticipen, porque el da\u00f1o de la promoci\u00f3n industrial lo sufrieron todas los departamentos de la provincia, no solamente el Estado provincial. Por otra parte, espero que se fijen en canales de riego y obras de agua potable. Si lo consigui\u00f3 firmar una adenda para disponer de ellos, que los coparticipe\u201d<\/em>, detall\u00f3 Manzur.<\/p>\n\n\n\n<p>Por su parte, el intendente de Malarg\u00fce,\u00a0<strong>Celso Jaque,\u00a0<\/strong>cuestion\u00f3 que Cornejo<mark>\u00a0no haya convocado a los intendentes del Sur para comunicarle sobre las negociaciones para liberar los fondos previamente.<\/mark><\/p>\n\n\n\n<p>\u201c<em>Lo l\u00f3gico hubiera sido que hubiera habido di\u00e1logo y consenso previo. Una pol\u00edtica de Estado no es aquella que se piensa en secreto y luego se invita a esas pol\u00edticas. Porque si nos hubiera convocado, hubi\u00e9ramos propuesto alg\u00fan tipo de reparo para que en esa adenda se considerara a los departamentos del sur que somos los que perdemos Portezuelo del Viento. Sentimos dolor por eso<\/em>\u201c, declar\u00f3 el exgobernador.<\/p>\n\n\n\n<p>En este punto, remarc\u00f3 que si no hay alguna afectaci\u00f3n espec\u00edfica de estos fondos para el sur provincial, \u201c<em>el pueblo sure\u00f1o ser\u00e1 burlado una vez m\u00e1s por el gobierno provincial\u201d<\/em>. A pesar de esto, se mostr\u00f3 abierto al di\u00e1logo con Cornejo.<\/p>\n\n\n\n<p><em>\u201cSobre esos 1.023 millones en el Sur se hicieron muchas cosas, y no se hizo nada. Y hoy no solamente no se hizo nada, sino que nos dejaron afuera de la discusi\u00f3n. Sentimos un dolor grande. M\u00e1s all\u00e1 de esto, no vamos a cerrar puertas de di\u00e1logo y esperamos que el gobernador nos llame para conversar y escuchar nuestras propuestas\u201d<\/em>, indic\u00f3 Jaque.<\/p>\n\n\n\n<p>FUENTE: Elsol.com.ar <\/p>\n","protected":false},"excerpt":{"rendered":"<p>El ministro de Gobierno, Infraestructura y Desarrollo Territorial, Natalio Mema, asegur\u00f3 que utilizar\u00e1n \u201ccriterios objetivos\u201d. Descart\u00f3 que se reparta utilizando los criterios de coparticipaci\u00f3n. El anuncio de la liberaci\u00f3n de los 1.023 millones de d\u00f3lares de&nbsp;Portezuelo del Viento&nbsp;fue, sin lugar a dudas, lo m\u00e1s destacado que dej\u00f3 el primer discurso de Apertura de Sesiones Ordinarias [&hellip;]<\/p>\n","protected":false},"author":2,"featured_media":7206,"comment_status":"open","ping_status":"open","sticky":true,"template":"","format":"standard","meta":[],"categories":[47],"tags":[],"_links":{"self":[{"href":"https:\/\/pasaenmendoza.com\/index.php?rest_route=\/wp\/v2\/posts\/7205"}],"collection":[{"href":"https:\/\/pasaenmendoza.com\/index.php?rest_route=\/wp\/v2\/posts"}],"about":[{"href":"https:\/\/pasaenmendoza.com\/index.php?rest_route=\/wp\/v2\/types\/post"}],"author":[{"embeddable":true,"href":"https:\/\/pasaenmendoza.com\/index.php?rest_route=\/wp\/v2\/users\/2"}],"replies":[{"embeddable":true,"href":"https:\/\/pasaenmendoza.com\/index.php?rest_route=%2Fwp%2Fv2%2Fcomments&post=7205"}],"version-history":[{"count":1,"href":"https:\/\/pasaenmendoza.com\/index.php?rest_route=\/wp\/v2\/posts\/7205\/revisions"}],"predecessor-version":[{"id":7207,"href":"https:\/\/pasaenmendoza.com\/index.php?rest_route=\/wp\/v2\/posts\/7205\/revisions\/7207"}],"wp:featuredmedia":[{"embeddable":true,"href":"https:\/\/pasaenmendoza.com\/index.php?rest_route=\/wp\/v2\/media\/7206"}],"wp:attachment":[{"href":"https:\/\/pasaenmendoza.com\/index.php?rest_route=%2Fwp%2Fv2%2Fmedia&parent=7205"}],"wp:term":[{"taxonomy":"category","embeddable":true,"href":"https:\/\/pasaenmendoza.com\/index.php?rest_route=%2Fwp%2Fv2%2Fcategories&post=7205"},{"taxonomy":"post_tag","embeddable":true,"href":"https:\/\/pasaenmendoza.com\/index.php?rest_route=%2Fwp%2Fv2%2Ftags&post=7205"}],"curies":[{"name":"wp","href":"https:\/\/api.w.org\/{rel}","templated":true}]}}