{"id":7208,"date":"2024-05-02T13:59:52","date_gmt":"2024-05-02T11:59:52","guid":{"rendered":"https:\/\/pasaenmendoza.com\/?p=7208"},"modified":"2024-05-02T13:59:53","modified_gmt":"2024-05-02T11:59:53","slug":"solo-una-vez-que-significa-este-principio-que-anuncio-cornejo","status":"publish","type":"post","link":"https:\/\/pasaenmendoza.com\/?p=7208","title":{"rendered":"&#8220;S\u00f3lo una vez&#8221;: qu\u00e9 significa este principio que anunci\u00f3 Cornejo"},"content":{"rendered":"\n<p>Durante su discurso en la apertura de sesiones, en la&nbsp;<strong>Legislatura<\/strong>&nbsp;provincial, el&nbsp;<strong>gobernador Alfredo Cornejo<\/strong>&nbsp;mencion\u00f3 un concepto particular respecto a la gesti\u00f3n de la administraci\u00f3n p\u00fablica: &#8220;s\u00f3lo una vez&#8221;.<\/p>\n\n\n\n<p>&nbsp;&#8220;En mi primera gesti\u00f3n al frente del gobierno, dimos un salto significativo en materia de modernizaci\u00f3n pasando del tr\u00e1mite papel al tr\u00e1mite digital. Ahora nos hemos propuesto ser m\u00e1s ambiciosos, buscando pasar de ese Estado digital a un Estado inteligente&#8221;, mencion\u00f3 y en estos par\u00e1metros habl\u00f3 de la idea de &#8220;s\u00f3lo una vez&#8221; que establece que las diferentes \u00e1reas estatales no podr\u00e1n pedirle a la gente documentos que expidan en forma exclusiva otra repartici\u00f3n.<\/p>\n\n\n\n<p>\u00a0&#8220;Por eso, anuncio que enviaremos un proyecto de ley donde buscaremos fijar un plazo m\u00e1ximo de 2 a\u00f1os para que todos aquellos tr\u00e1mites que sean de exclusiva interacci\u00f3n directa entre la Provincia y el ciudadano ofrezcan una v\u00eda de realizaci\u00f3n \u00edntegramente digital. Dichos tr\u00e1mites, a su vez, estar\u00e1n disponibles en la aplicaci\u00f3n ciudadana Mendoza por M\u00ed, donde adem\u00e1s el ciudadano podr\u00e1 acceder a su propia documentaci\u00f3n de manera virtual, sin la necesidad de pago de tasas adicionales ni demoras&#8221;, finaliz\u00f3.<\/p>\n\n\n\n<p>El discurso del Gobernador recorri\u00f3 la situaci\u00f3n de las diversas carterasy dependencias de la provincia, realizando anuncios en materia de Educaci\u00f3n (jerarquizaci\u00f3n de la carrera docente, programas para potenciar el rendimiento de los alumnos en Matem\u00e1ticas e Ingles); Seguridad (ampliaci\u00f3n de las facultades a la Polic\u00eda), entre otros.&nbsp;<\/p>\n\n\n\n<p>Pero el m\u00e1s importante fue el anuncio en materia de Infraestructura donde anunci\u00f3 la liberaci\u00f3n de los fondos de Portezuelo:\u00a0 &#8220;En los pr\u00f3ximos d\u00edas, estaremos enviando a esta Legislatura un proyecto de ley que nos permitir\u00e1 impulsar de manera contundente la infraestructura provincial. Gracias a las gestiones que hemos realizado,\u00a0<strong>acabamos de firmar una adenda del acuerdo con el Gobierno nacional que nos permitir\u00e1 ampliar el destino de los 1.023 millones de d\u00f3lares que pertenecen a Mendoza&#8221;.<\/strong><\/p>\n\n\n\n<p>FUENTE: Mendozapost.<\/p>\n","protected":false},"excerpt":{"rendered":"<p>Durante su discurso en la apertura de sesiones, en la&nbsp;Legislatura&nbsp;provincial, el&nbsp;gobernador Alfredo Cornejo&nbsp;mencion\u00f3 un concepto particular respecto a la gesti\u00f3n de la administraci\u00f3n p\u00fablica: &#8220;s\u00f3lo una vez&#8221;. &nbsp;&#8220;En mi primera gesti\u00f3n al frente del gobierno, dimos un salto significativo en materia de modernizaci\u00f3n pasando del tr\u00e1mite papel al tr\u00e1mite digital. Ahora nos hemos propuesto ser [&hellip;]<\/p>\n","protected":false},"author":2,"featured_media":7209,"comment_status":"open","ping_status":"open","sticky":true,"template":"","format":"standard","meta":[],"categories":[47],"tags":[],"_links":{"self":[{"href":"https:\/\/pasaenmendoza.com\/index.php?rest_route=\/wp\/v2\/posts\/7208"}],"collection":[{"href":"https:\/\/pasaenmendoza.com\/index.php?rest_route=\/wp\/v2\/posts"}],"about":[{"href":"https:\/\/pasaenmendoza.com\/index.php?rest_route=\/wp\/v2\/types\/post"}],"author":[{"embeddable":true,"href":"https:\/\/pasaenmendoza.com\/index.php?rest_route=\/wp\/v2\/users\/2"}],"replies":[{"embeddable":true,"href":"https:\/\/pasaenmendoza.com\/index.php?rest_route=%2Fwp%2Fv2%2Fcomments&post=7208"}],"version-history":[{"count":1,"href":"https:\/\/pasaenmendoza.com\/index.php?rest_route=\/wp\/v2\/posts\/7208\/revisions"}],"predecessor-version":[{"id":7210,"href":"https:\/\/pasaenmendoza.com\/index.php?rest_route=\/wp\/v2\/posts\/7208\/revisions\/7210"}],"wp:featuredmedia":[{"embeddable":true,"href":"https:\/\/pasaenmendoza.com\/index.php?rest_route=\/wp\/v2\/media\/7209"}],"wp:attachment":[{"href":"https:\/\/pasaenmendoza.com\/index.php?rest_route=%2Fwp%2Fv2%2Fmedia&parent=7208"}],"wp:term":[{"taxonomy":"category","embeddable":true,"href":"https:\/\/pasaenmendoza.com\/index.php?rest_route=%2Fwp%2Fv2%2Fcategories&post=7208"},{"taxonomy":"post_tag","embeddable":true,"href":"https:\/\/pasaenmendoza.com\/index.php?rest_route=%2Fwp%2Fv2%2Ftags&post=7208"}],"curies":[{"name":"wp","href":"https:\/\/api.w.org\/{rel}","templated":true}]}}