{"id":721,"date":"2023-08-15T15:43:40","date_gmt":"2023-08-15T13:43:40","guid":{"rendered":"https:\/\/pasaenmendoza.com\/?p=721"},"modified":"2023-08-15T15:43:40","modified_gmt":"2023-08-15T13:43:40","slug":"por-una-medida-de-fuerza-continuan-los-problemas-para-volar","status":"publish","type":"post","link":"https:\/\/pasaenmendoza.com\/?p=721","title":{"rendered":"Por una medida de fuerza, contin\u00faan los problemas para volar"},"content":{"rendered":"\n<p>Varios&nbsp;<strong>vuelos&nbsp;<\/strong>fueron cancelados en la ma\u00f1ana de este martes debido a una medida de fuerza que llevan adelante&nbsp;<strong>maleteros&nbsp;<\/strong>de la empresa estatal&nbsp;<strong>Intercargo<\/strong>. Durante el lunes ya se hab\u00edan registrado problemas en Aeroparque&nbsp;Jorge Newbery de la Ciudad Aut\u00f3noma de Buenos Aires (CABA).<\/p>\n\n\n\n<p>Es que, si bien el Ministerio de Trabajo dict\u00f3 la conciliaci\u00f3n obligatoria,\u00a0el gremio no la acat\u00f3. Esto provoc\u00f3 varios inconvenientes, por ejemplo, lo que ocurri\u00f3 en Santiago de Chile tras un\u00a0<strong>vuelo\u00a0<\/strong>de Latam en el que, al aterrizar, los pasajeros debieron partir sin su equipaje.\u00a0<\/p>\n\n\n\n<p>Se espera que, en el transcurso de la ma\u00f1ana de este martes, haya una nueva reuni\u00f3n de los trabajadores donde se conocer\u00e1 c\u00f3mo sigue el plan de lucha.&nbsp;<\/p>\n\n\n\n<p>Adem\u00e1s de perjudicar vuelos de cabotaje, el paro afect\u00f3 a vuelos internacionales de la empresa Latam, que tampoco cuenta con empleados encuadrados bajo el sindicato de la Asociaci\u00f3n de Personal Aeron\u00e1utico. Hasta el momento, por la medida de fuerza gremial, se encuentran varados miles de pasajeros en los aeropuertos de CABA, Ezeiza y C\u00f3rdoba.<\/p>\n\n\n\n<p><strong>Fuente: www.mdzol.com<\/strong><\/p>\n","protected":false},"excerpt":{"rendered":"<p>Varios&nbsp;vuelos&nbsp;fueron cancelados en la ma\u00f1ana de este martes debido a una medida de fuerza que llevan adelante&nbsp;maleteros&nbsp;de la empresa estatal&nbsp;Intercargo. Durante el lunes ya se hab\u00edan registrado problemas en Aeroparque&nbsp;Jorge Newbery de la Ciudad Aut\u00f3noma de Buenos Aires (CABA). Es que, si bien el Ministerio de Trabajo dict\u00f3 la conciliaci\u00f3n obligatoria,\u00a0el gremio no la acat\u00f3. [&hellip;]<\/p>\n","protected":false},"author":2,"featured_media":722,"comment_status":"open","ping_status":"open","sticky":false,"template":"","format":"standard","meta":[],"categories":[50],"tags":[],"_links":{"self":[{"href":"https:\/\/pasaenmendoza.com\/index.php?rest_route=\/wp\/v2\/posts\/721"}],"collection":[{"href":"https:\/\/pasaenmendoza.com\/index.php?rest_route=\/wp\/v2\/posts"}],"about":[{"href":"https:\/\/pasaenmendoza.com\/index.php?rest_route=\/wp\/v2\/types\/post"}],"author":[{"embeddable":true,"href":"https:\/\/pasaenmendoza.com\/index.php?rest_route=\/wp\/v2\/users\/2"}],"replies":[{"embeddable":true,"href":"https:\/\/pasaenmendoza.com\/index.php?rest_route=%2Fwp%2Fv2%2Fcomments&post=721"}],"version-history":[{"count":1,"href":"https:\/\/pasaenmendoza.com\/index.php?rest_route=\/wp\/v2\/posts\/721\/revisions"}],"predecessor-version":[{"id":723,"href":"https:\/\/pasaenmendoza.com\/index.php?rest_route=\/wp\/v2\/posts\/721\/revisions\/723"}],"wp:featuredmedia":[{"embeddable":true,"href":"https:\/\/pasaenmendoza.com\/index.php?rest_route=\/wp\/v2\/media\/722"}],"wp:attachment":[{"href":"https:\/\/pasaenmendoza.com\/index.php?rest_route=%2Fwp%2Fv2%2Fmedia&parent=721"}],"wp:term":[{"taxonomy":"category","embeddable":true,"href":"https:\/\/pasaenmendoza.com\/index.php?rest_route=%2Fwp%2Fv2%2Fcategories&post=721"},{"taxonomy":"post_tag","embeddable":true,"href":"https:\/\/pasaenmendoza.com\/index.php?rest_route=%2Fwp%2Fv2%2Ftags&post=721"}],"curies":[{"name":"wp","href":"https:\/\/api.w.org\/{rel}","templated":true}]}}