{"id":7211,"date":"2024-05-02T14:06:36","date_gmt":"2024-05-02T12:06:36","guid":{"rendered":"https:\/\/pasaenmendoza.com\/?p=7211"},"modified":"2024-05-02T14:06:37","modified_gmt":"2024-05-02T12:06:37","slug":"el-acuerdo-inedito-con-ypf-por-los-honorarios-de-la-ministra-latorre-y-la-marcha-atras-de-su-renuncia","status":"publish","type":"post","link":"https:\/\/pasaenmendoza.com\/?p=7211","title":{"rendered":"El acuerdo in\u00e9dito con YPF por los honorarios de la ministra Latorre y la marcha atr\u00e1s de su renuncia"},"content":{"rendered":"\n<p>Desde Casa de Gobierno se\u00f1alaron que el presidente de YPF dio el ok al pedido de Cornejo para que la remuneraci\u00f3n de la directora se le deposite a Mendoza<\/p>\n\n\n\n<p><strong>&#8220;Es un caso in\u00e9dito&#8221;<\/strong>. As\u00ed catalogaron desde&nbsp;<strong>YPF&nbsp;<\/strong>al pedido que lleg\u00f3 desde Mendoza&nbsp;para que los honorarios que le corresponden a la directora -y ministra de Energ\u00eda-&nbsp;<strong>Jimena Latorre<\/strong>&nbsp;sean depositados en una cuenta provincial, y no en la personal de ella.<\/p>\n\n\n\n<p>El detr\u00e1s de escena de esa nota que se conoci\u00f3 p\u00fablicamente por las redes sociales del Ministerio de Gobierno lo cont\u00f3 Natalio Mema a&nbsp;<strong>Diario UNO<\/strong>.&nbsp;<strong>&#8220;Antes de mandar formalmente la nota, hubo una comunicaci\u00f3n con el presidente de YPF, Horacio Mar\u00edn&#8221;<\/strong>, revel\u00f3.<\/p>\n\n\n\n<p>As\u00ed se acord\u00f3&nbsp;<strong>cambiar el CBU de destino de los fondos que en concepto de honorarios hasta abril se depositaban en la cuenta de Latorre<\/strong>. A partir de ahora, y seg\u00fan dijeron desde Gobierno sin necesidad que haya una aprobaci\u00f3n por parte del directorio, todo lo que surja de YPF por la representaci\u00f3n que le corresponde a Mendoza por tener suelo petrolero,&nbsp;<strong>ir\u00e1 a parar a la Tesorer\u00eda General de la Provincia<\/strong>.<\/p>\n\n\n\n<h2 class=\"wp-block-heading\">Cu\u00e1nto le llegar\u00e1 a Mendoza<\/h2>\n\n\n\n<p><strong>\u00bfCu\u00e1nto es? No se sabe<\/strong>. El pol\u00e9mico incremento de presupuesto para honorarios de autoridades de YPF se resolvi\u00f3 el viernes pasado en asamblea de accionistas, pero&nbsp;<strong>hasta mediados de mes no se sabr\u00e1 cu\u00e1nto efectivamente le corresponder\u00e1 al director por las acciones clase D de YPF S.A.<\/strong>, es decir, al representante de Mendoza.<\/p>\n\n\n\n<p>Ese aumento, seg\u00fan el acta, abarca de enero a diciembre de este a\u00f1o por lo que si hubiese alguna compensaci\u00f3n respecto de los cuatro meses que ya pasaron de 2024, tambi\u00e9n se depositar\u00e1n en la cuenta provincial.<\/p>\n\n\n\n<p><strong>\u00bfPara qu\u00e9?<\/strong>&nbsp;&#8220;Tendr\u00e1n un destino espec\u00edfico para la&nbsp;<strong>reparaci\u00f3n ambiental<\/strong>&nbsp;de la industria minera y la industria petrolera&#8221;, expres\u00f3 la propia Latorre.<\/p>\n\n\n\n<h2 class=\"wp-block-heading\">El acta de la discordia<\/h2>\n\n\n\n<p>El pasado 26 de abril, la asamblea de accionistas dio el ok para&nbsp;<strong>fijar los honorarios&nbsp;<\/strong>a ser percibidos a cuenta por los directores y miembros de la Comisi\u00f3n Fiscalizadora durante el ejercicio anual comenzado el 1\u00b0 de enero de 2024.<\/p>\n\n\n\n<p>&#8220;Se aprob\u00f3 por mayor\u00eda absoluta de votos computables autorizar al Directorio a realizar pagos a cuenta de honorarios de directores y miembros de la Comisi\u00f3n Fiscalizadora para el ejercicio 2024 por hasta la suma de&nbsp;<strong>$10.189.823.464<\/strong>&#8220;, expresa el acta que lleg\u00f3 a la Comisi\u00f3n Nacional de Valores.<\/p>\n\n\n\n<p>Ese monto<strong>&nbsp;se repartir\u00e1 entre los 12 directores nombrados y los 3 s\u00edndicos<\/strong>, adem\u00e1s de gastos de funcionamiento t\u00e9cnico- administrativo.<\/p>\n\n\n\n<h2 class=\"wp-block-heading\">\u00bfQu\u00e9 cobrar\u00e1 la ministra Jimena Latorre?<\/h2>\n\n\n\n<p>A finales de febrero se public\u00f3 en el Bolet\u00edn Oficial de la Provincia el decreto N\u00ba 299, por el que se conoc\u00eda&nbsp;<strong>oficialmente la renuncia de la ministra de Energ\u00eda y Ambiente Jimena Latorre &#8220;a la retribuci\u00f3n<\/strong>&nbsp;correspondiente a su cargo, a partir del 1 de febrero de 2024&#8243;.<\/p>\n\n\n\n<p>Esa misma norma ratificaba la &#8220;continuidad de Jimena Latorre en el ejercicio de sus funciones como&nbsp;<strong>ministra de Energ\u00eda y Ambiente<\/strong>&nbsp;en forma ad honorem&#8221;.<\/p>\n\n\n\n<p>Todo ello en virtud de que cobrar\u00eda honorarios por su funci\u00f3n de directora de YPF.<\/p>\n\n\n\n<p>Con la decisi\u00f3n adoptada por Cornejo y acordada con el presidente de YPF,&nbsp;<strong>la ministra deber\u00e1 retrotraer su renuncia para poder percibir el salario de parte de la Provincia<\/strong>.<\/p>\n\n\n\n<p>Ese expediente debe ser aprobado por decreto por el gobernador y publicado en el Bolet\u00edn Oficial para que surta efecto y la abogada no se quede sin percibir una remuneraci\u00f3n.<\/p>\n\n\n\n<h2 class=\"wp-block-heading\">Las dudas y el antecedente de Vaqui\u00e9<\/h2>\n\n\n\n<p>\u00bfLos honorarios&nbsp;<strong>pertenecen al director o a la provincia que representa<\/strong>? El acta del directorio de YPF consider\u00f3 esos honorarios propuestos como remuneraciones, es decir la paga por una funci\u00f3n, e incluso se argument\u00f3 la suba de las mismas compar\u00e1ndolas con las que ofrece el mercado en compa\u00f1\u00edas de primera l\u00ednea como la petrolera estatal.<\/p>\n\n\n\n<p>Desde&nbsp;<strong>La Uni\u00f3n Mendocina<\/strong>&nbsp;la primera cr\u00edtica fue justamente por esta cuesti\u00f3n: &#8220;\u00bfPodr\u00e1 hacer lo que solicita?&nbsp;<strong>Los honorarios son del director, no de la provincia<\/strong>&#8220;.<\/p>\n\n\n\n<p>Mema dijo&nbsp;que esos honorarios corresponden&nbsp;<strong>al lugar que ocupa la provincia<\/strong>&nbsp;dentro del directorio por ser propietaria del recurso y que no son de la persona que ejerce la funci\u00f3n.<\/p>\n\n\n\n<p>As\u00ed y todo, es la primera vez que Mendoza pide que esos fondos se depositen directamente a la provincia y&nbsp;<strong>no es un pedido que haya surgido de parte de otra anteriormente<\/strong>.<\/p>\n\n\n\n<p>El caso m\u00e1s similar de un&nbsp;<strong>ministro de Energ\u00eda de Mendoza ejerciendo como director de YPF es el de Enrique Vaqui\u00e9<\/strong>.<\/p>\n\n\n\n<p><strong>La diferencia fue que en su momento no renunci\u00f3 a su salario como ministro y el Poder Ejecutivo acept\u00f3 que \u00e9l cediera sus honorarios<\/strong>&nbsp;(no que se depositaran directamente a la Provincia), lo cual luego fue ratificado por la Legislatura provincial.<\/p>\n\n\n\n<p>Lo que se acept\u00f3 fue una &#8220;<strong>cesi\u00f3n a t\u00edtulo gratuito de los honorarios que le corresponden como representante<\/strong>&nbsp;de la misma ante el Directorio de Empresa Yacimientos Petrol\u00edferos Fiscales Sociedad An\u00f3nima (YPF S.A.), netos de retenciones, impuestos, gastos o contribuciones, para que sean afectados espec\u00edficamente al&nbsp;<strong>mejoramiento de la infraestructura escolar provincial<\/strong>&#8220;.<\/p>\n\n\n\n<p><strong>En la norma se excluy\u00f3 de la cesi\u00f3n las sumas correspondientes a vi\u00e1ticos&nbsp;<\/strong>y reconocimiento de gastos debidamente documentados, por las funciones realizadas por Vaqui\u00e9 en la sociedad.<\/p>\n\n\n\n<p>FUENTE: Diariouno.com.ar <\/p>\n","protected":false},"excerpt":{"rendered":"<p>Desde Casa de Gobierno se\u00f1alaron que el presidente de YPF dio el ok al pedido de Cornejo para que la remuneraci\u00f3n de la directora se le deposite a Mendoza &#8220;Es un caso in\u00e9dito&#8221;. As\u00ed catalogaron desde&nbsp;YPF&nbsp;al pedido que lleg\u00f3 desde Mendoza&nbsp;para que los honorarios que le corresponden a la directora -y ministra de Energ\u00eda-&nbsp;Jimena Latorre&nbsp;sean [&hellip;]<\/p>\n","protected":false},"author":2,"featured_media":7212,"comment_status":"open","ping_status":"open","sticky":true,"template":"","format":"standard","meta":[],"categories":[1,47],"tags":[],"_links":{"self":[{"href":"https:\/\/pasaenmendoza.com\/index.php?rest_route=\/wp\/v2\/posts\/7211"}],"collection":[{"href":"https:\/\/pasaenmendoza.com\/index.php?rest_route=\/wp\/v2\/posts"}],"about":[{"href":"https:\/\/pasaenmendoza.com\/index.php?rest_route=\/wp\/v2\/types\/post"}],"author":[{"embeddable":true,"href":"https:\/\/pasaenmendoza.com\/index.php?rest_route=\/wp\/v2\/users\/2"}],"replies":[{"embeddable":true,"href":"https:\/\/pasaenmendoza.com\/index.php?rest_route=%2Fwp%2Fv2%2Fcomments&post=7211"}],"version-history":[{"count":1,"href":"https:\/\/pasaenmendoza.com\/index.php?rest_route=\/wp\/v2\/posts\/7211\/revisions"}],"predecessor-version":[{"id":7213,"href":"https:\/\/pasaenmendoza.com\/index.php?rest_route=\/wp\/v2\/posts\/7211\/revisions\/7213"}],"wp:featuredmedia":[{"embeddable":true,"href":"https:\/\/pasaenmendoza.com\/index.php?rest_route=\/wp\/v2\/media\/7212"}],"wp:attachment":[{"href":"https:\/\/pasaenmendoza.com\/index.php?rest_route=%2Fwp%2Fv2%2Fmedia&parent=7211"}],"wp:term":[{"taxonomy":"category","embeddable":true,"href":"https:\/\/pasaenmendoza.com\/index.php?rest_route=%2Fwp%2Fv2%2Fcategories&post=7211"},{"taxonomy":"post_tag","embeddable":true,"href":"https:\/\/pasaenmendoza.com\/index.php?rest_route=%2Fwp%2Fv2%2Ftags&post=7211"}],"curies":[{"name":"wp","href":"https:\/\/api.w.org\/{rel}","templated":true}]}}