{"id":7214,"date":"2024-05-02T14:58:37","date_gmt":"2024-05-02T12:58:37","guid":{"rendered":"https:\/\/pasaenmendoza.com\/?p=7214"},"modified":"2024-05-02T14:58:38","modified_gmt":"2024-05-02T12:58:38","slug":"frio-total-el-pronostico-para-este-jueves-y-el-fin-de-semana","status":"publish","type":"post","link":"https:\/\/pasaenmendoza.com\/?p=7214","title":{"rendered":"Fr\u00edo total: el pron\u00f3stico para este jueves y el fin de semana"},"content":{"rendered":"\n<p>El oto\u00f1o contin\u00faa haci\u00e9ndose sentir en la&nbsp;<strong>Ciudad de Mendoza y las temperaturas estar\u00e1n por debajo de los 20\u00b0C durante varios d\u00edas.<\/strong>&nbsp;Los vientos predominar\u00e1n desde el sector sur y las ma\u00f1anas, as\u00ed como las noches estar\u00e1n frescas en este sector de la provincia.<\/p>\n\n\n\n<p>Para este&nbsp;<strong>jueves 2 de mayo<\/strong>, el pron\u00f3stico indica 4\u00b0 para la m\u00ednima y<strong>&nbsp;14\u00b0 para la m\u00e1xima<\/strong>.&nbsp; Se espera una jornada&nbsp; mayormente nublada, sobre todo por la tarde, y fresca, con vientos desde el sur.<\/p>\n\n\n\n<p>El\u00a0<strong>viernes<\/strong>, en tanto, el pron\u00f3stico indica una continuidad de las condiciones en Mendoza. Se espera que la m\u00ednima descienda a 4\u00b0C y la m\u00e1xima ascienda a los<strong>\u00a015\u00b0C<\/strong>. El pron\u00f3stico indica algo nublado con viento del sector sur.<\/p>\n\n\n\n<p>Para la llegada del fin de semana se espera un leve ascenso de la temperatura. El&nbsp;<strong>s\u00e1bado<\/strong>, la m\u00ednima ser\u00e1 de 6\u00b0C y la m\u00e1xima llegar\u00e1 hasta los&nbsp;<strong>18\u00b0C<\/strong>. El pron\u00f3stico indica parcialmente nublado con viento ingresando por el sector norte.<\/p>\n\n\n\n<p>En cuanto al&nbsp;<strong>domingo<\/strong>, se espera un aumento de la temperatura m\u00ednima hasta los&nbsp; 7\u00b0C y la m\u00e1xima bajar\u00e1 a&nbsp;<strong>16\u00b0C<\/strong>, mientras se espera el ingreso de viento del sudeste.&nbsp;<\/p>\n\n\n\n<p>La semana entrante podr\u00eda haber un marcado descenso de la temperatura que lleve las m\u00ednimas y las m\u00e1ximas a niveles cercanos a los habituados durante el invierno.<\/p>\n\n\n\n<p><strong>Fuente: www.mendozapost.com<\/strong><\/p>\n","protected":false},"excerpt":{"rendered":"<p>El oto\u00f1o contin\u00faa haci\u00e9ndose sentir en la&nbsp;Ciudad de Mendoza y las temperaturas estar\u00e1n por debajo de los 20\u00b0C durante varios d\u00edas.&nbsp;Los vientos predominar\u00e1n desde el sector sur y las ma\u00f1anas, as\u00ed como las noches estar\u00e1n frescas en este sector de la provincia. Para este&nbsp;jueves 2 de mayo, el pron\u00f3stico indica 4\u00b0 para la m\u00ednima y&nbsp;14\u00b0 [&hellip;]<\/p>\n","protected":false},"author":2,"featured_media":7215,"comment_status":"open","ping_status":"open","sticky":false,"template":"","format":"standard","meta":[],"categories":[52],"tags":[],"_links":{"self":[{"href":"https:\/\/pasaenmendoza.com\/index.php?rest_route=\/wp\/v2\/posts\/7214"}],"collection":[{"href":"https:\/\/pasaenmendoza.com\/index.php?rest_route=\/wp\/v2\/posts"}],"about":[{"href":"https:\/\/pasaenmendoza.com\/index.php?rest_route=\/wp\/v2\/types\/post"}],"author":[{"embeddable":true,"href":"https:\/\/pasaenmendoza.com\/index.php?rest_route=\/wp\/v2\/users\/2"}],"replies":[{"embeddable":true,"href":"https:\/\/pasaenmendoza.com\/index.php?rest_route=%2Fwp%2Fv2%2Fcomments&post=7214"}],"version-history":[{"count":1,"href":"https:\/\/pasaenmendoza.com\/index.php?rest_route=\/wp\/v2\/posts\/7214\/revisions"}],"predecessor-version":[{"id":7216,"href":"https:\/\/pasaenmendoza.com\/index.php?rest_route=\/wp\/v2\/posts\/7214\/revisions\/7216"}],"wp:featuredmedia":[{"embeddable":true,"href":"https:\/\/pasaenmendoza.com\/index.php?rest_route=\/wp\/v2\/media\/7215"}],"wp:attachment":[{"href":"https:\/\/pasaenmendoza.com\/index.php?rest_route=%2Fwp%2Fv2%2Fmedia&parent=7214"}],"wp:term":[{"taxonomy":"category","embeddable":true,"href":"https:\/\/pasaenmendoza.com\/index.php?rest_route=%2Fwp%2Fv2%2Fcategories&post=7214"},{"taxonomy":"post_tag","embeddable":true,"href":"https:\/\/pasaenmendoza.com\/index.php?rest_route=%2Fwp%2Fv2%2Ftags&post=7214"}],"curies":[{"name":"wp","href":"https:\/\/api.w.org\/{rel}","templated":true}]}}