{"id":7217,"date":"2024-05-02T15:13:10","date_gmt":"2024-05-02T13:13:10","guid":{"rendered":"https:\/\/pasaenmendoza.com\/?p=7217"},"modified":"2024-05-02T15:13:11","modified_gmt":"2024-05-02T13:13:11","slug":"la-guerra-entre-dos-familias-y-un-nuevo-tiroteo-con-los-canavis-en-la-mira","status":"publish","type":"post","link":"https:\/\/pasaenmendoza.com\/?p=7217","title":{"rendered":"La guerra entre dos familias y un nuevo tiroteo con los Canavis en la mira"},"content":{"rendered":"\n<p>Una guerra entre dos familias vinculadas al ambiente delictivo sum\u00f3 un nuevo cap\u00edtulo la madrugada de este mi\u00e9rcoles en el<strong>&nbsp;barrio Santa Teresita<\/strong>&nbsp;de&nbsp;<strong>Las Heras<\/strong>.&nbsp;<strong>Gonzalo Sebasti\u00e1n Gonz\u00e1lez Lera<\/strong>&nbsp;(34)<strong>&nbsp;<\/strong>fue baleado frente a su casa de la manzana G y marc\u00f3 a miembros de&nbsp;<strong>los&nbsp;<em>Canavis&nbsp;<\/em><\/strong>como posibles responsables del ataque en su contra.<\/p>\n\n\n\n<p><mark>Desde hace tiempo que la familia de la v\u00edctima se encuentra enemistada con esa peligra banda liderada por malvivientes de apellido\u00a0<strong>Quiroga Villalba<\/strong><\/mark>, quienes llevan m\u00e1s de una d\u00e9cada sembrando el terror en ese complejo del distrito\u00a0<strong>El Plumerillo<\/strong>\u00a0y alrededores.<\/p>\n\n\n\n<p>Incluso, los hermanos\u00a0<strong>Axel Gast\u00f3n (19) y Jes\u00fas Sebasti\u00e1n Villalba Elizondo\u00a0<\/strong>(19), integrantes de esa gavilla familiar, est\u00e1n acusados de balear a una hermana de Gonz\u00e1lez Lera, llamada\u00a0<strong>Soledad Andrea Lera<\/strong>\u00a0(38), a mediados de 2022.<\/p>\n\n\n\n<p>En ese mismo hecho,&nbsp;<mark>fue asesinado el joven futbolista&nbsp;<strong>Lucas Amarilla<\/strong>&nbsp;(21), quien nada ten\u00eda que ver con el conflicto entre las dos facciones<\/mark>&nbsp;y qued\u00f3 en medio de los disparos mientras se dirig\u00eda a comprar a un negocio de la barriada.<\/p>\n\n\n\n<p>Con una v\u00edctima fatal en su historial, los cruces entre las dos familias contin\u00faan. Luego de que Gonz\u00e1lez Lera recibi\u00f3 dos impactos de bala en el pecho y el abdomen, le asegur\u00f3 a los polic\u00edas que llegaron a la escena, pasadas las 0.30, se trataba de&nbsp;<em>\u201cuna pelea de vieja data con los Villalba\u201d<\/em>.<\/p>\n\n\n\n<p>Pese a que el agresor, quien se movilizaba en motocicleta, escoltado por otros dos sujetos, llevaba el casco colocado,\u00a0<mark>la v\u00edctima sostuvo ante los uniformados que\u00a0<em>\u201ccon los \u00fanicos que tiene problemas\u201d\u00a0<\/em>es con los\u00a0<em>Canavis<\/em><\/mark>.<\/p>\n\n\n\n<p>Fuentes policiales sugirieron que los enfrentamientos est\u00e1n motivados por la disputa del territorio de venta de estupefacientes, ya que ambos grupos han sido investigados por narcomenudeo.<\/p>\n\n\n\n<p>Antes de quedar internado en el&nbsp;<strong>Hospital Lagomaggiore<\/strong>,&nbsp;<mark>Gonz\u00e1lez Lera aclar\u00f3 que no deseaba denunciarlos porque \u201c<em>\u00e9l solucionar\u00eda todo despu\u00e9s\u201d<\/em><\/mark>, de acuerdo con el procedimiento policial.<\/p>\n\n\n\n<p>De las averiguaciones realizadas por<strong><em>\u00a0El Sol<\/em><\/strong>\u00a0en la zona, testigos observaron que el autor de los disparos se desplazaba en la motocicleta que suele utilizar\u00a0<strong>Franco Jes\u00fas Villalba Quiroga<\/strong>, alias el\u00a0<em>Macaco<\/em>, quien tambi\u00e9n fue imputado por el crimen de Amarilla, pero luego termin\u00f3 sobrese\u00eddo en ese expediente.<\/p>\n\n\n\n<p>M\u00e1s all\u00e1 de que&nbsp;<mark>no pudieron confirmar que se haya tratado del&nbsp;<em>Macaco<\/em>, las sospechas apuntan hacia \u00e9l porque es uno de los pocos&nbsp;<em>Canavis&nbsp;<\/em>que se encuentra en libertad<\/mark>.<\/p>\n\n\n\n<p>Lo cierto es que el fiscal de Homicidios<strong>\u00a0Gustavo Pirrello<\/strong>, quien lidera la investigaci\u00f3n del ataque, aguarda por la incorporaci\u00f3n de testimoniales y tambi\u00e9n que la v\u00edctima aporte su versi\u00f3n de los hechos cuando reciba el alta m\u00e9dica.<\/p>\n\n\n\n<h2 class=\"wp-block-heading\" id=\"h-sangrientos-antecedentes\">Sangrientos antecedentes<\/h2>\n\n\n\n<p>La familia Gonz\u00e1lez Lera o simplemente los&nbsp;<em>Lera<\/em>, como los llaman en el barrio Santa Teresita, son conocidos por protagonizar diferentes episodios que tomaron relevancia en ese sector lasherino.<\/p>\n\n\n\n<p>A fines de enero de 2020,\u00a0<strong>Facundo Emiliano y Leonardo Javier Gonz\u00e1lez Lera<\/strong>\u00a0quedaron en la mira por el asesinato de\u00a0<strong>Emmanuel Nicol\u00e1s Cruzate<\/strong>, ocurrido en el\u00a0<strong>barrio Espejo<\/strong>.<\/p>\n\n\n\n<p><mark>Ambos fueron detenidos con el paso de los meses, aunque terminar\u00edan zafando y siendo desvinculados de la investigaci\u00f3n por ese crimen<\/mark>, que tambi\u00e9n lider\u00f3 el fiscal Pirrello.<\/p>\n\n\n\n<p>Poco m\u00e1s de dos a\u00f1os m\u00e1s tarde, una hermana de ellos ser\u00eda protagonista de otro ataque armado con resultado fatal, aunque en esa ocasi\u00f3n como v\u00edctima. Fue el domingo 26 de junio de 2022, mientras Soledad Lera se encontraba con prisi\u00f3n domiciliaria por infringir<strong>\u00a0la Ley 23.737\u00a0<\/strong>(de estupefacientes).<\/p>\n\n\n\n<p>La mujer sali\u00f3 a la vereda de su casa y una lluvia de balas la sorprendi\u00f3. Uno de los proyectiles le roz\u00f3 la cabeza y salv\u00f3 su vida de milagro, pero&nbsp;<mark>la peor parte se la llevaron Lucas Amarilla y su primo, quienes por all\u00ed y quedaron entre los agresores y su objetivo<\/mark>.<\/p>\n\n\n\n<p>Amarilla falleci\u00f3 luego de recibir dos impactos de plomo en un costado del cuello y en la nuca, respectivamente. Mientras que su familiar fue herido en el cr\u00e1neo, pero pudo sobrevivir.<\/p>\n\n\n\n<p>A poco tiempo de cumplirse dos a\u00f1os desde ese tr\u00e1gico episodio,\u00a0<strong>Gonzalo Gonz\u00e1lez Lera\u00a0<\/strong>fue atacado a tiros la madrugada de este jueves en la entrada de su domicilio.<\/p>\n\n\n\n<p><mark>Una de las dos balas que le impactaron provocaron lesiones en el h\u00edgado pero se encontrar\u00eda fuera de peligro<\/mark>. Fuentes hospitalarias estimaron que recibir\u00e1 el alta m\u00e9dica en los pr\u00f3ximos d\u00edas.<\/p>\n\n\n\n<p>Gonzalo no es un desconocido para los detectives policiales: entre 2018 y 2019 fue condenado dos veces por causas de violencia de g\u00e9nero y le unificaron la pena en un total de cinco a\u00f1os y mes de prisi\u00f3n.<\/p>\n\n\n\n<p>El a\u00f1o pasado, tiempo despu\u00e9s de salir del penal, volvi\u00f3 a caer en las garras policiales sospechado de cometer un robo, pero la Fiscal\u00eda le dio la libertad y qued\u00f3 desvinculado por falta de pruebas.<\/p>\n\n\n\n<p><strong>Fuente: www.elsol.com.ar<\/strong><\/p>\n","protected":false},"excerpt":{"rendered":"<p>Una guerra entre dos familias vinculadas al ambiente delictivo sum\u00f3 un nuevo cap\u00edtulo la madrugada de este mi\u00e9rcoles en el&nbsp;barrio Santa Teresita&nbsp;de&nbsp;Las Heras.&nbsp;Gonzalo Sebasti\u00e1n Gonz\u00e1lez Lera&nbsp;(34)&nbsp;fue baleado frente a su casa de la manzana G y marc\u00f3 a miembros de&nbsp;los&nbsp;Canavis&nbsp;como posibles responsables del ataque en su contra. Desde hace tiempo que la familia de la [&hellip;]<\/p>\n","protected":false},"author":2,"featured_media":7218,"comment_status":"open","ping_status":"open","sticky":false,"template":"","format":"standard","meta":[],"categories":[48],"tags":[],"_links":{"self":[{"href":"https:\/\/pasaenmendoza.com\/index.php?rest_route=\/wp\/v2\/posts\/7217"}],"collection":[{"href":"https:\/\/pasaenmendoza.com\/index.php?rest_route=\/wp\/v2\/posts"}],"about":[{"href":"https:\/\/pasaenmendoza.com\/index.php?rest_route=\/wp\/v2\/types\/post"}],"author":[{"embeddable":true,"href":"https:\/\/pasaenmendoza.com\/index.php?rest_route=\/wp\/v2\/users\/2"}],"replies":[{"embeddable":true,"href":"https:\/\/pasaenmendoza.com\/index.php?rest_route=%2Fwp%2Fv2%2Fcomments&post=7217"}],"version-history":[{"count":1,"href":"https:\/\/pasaenmendoza.com\/index.php?rest_route=\/wp\/v2\/posts\/7217\/revisions"}],"predecessor-version":[{"id":7219,"href":"https:\/\/pasaenmendoza.com\/index.php?rest_route=\/wp\/v2\/posts\/7217\/revisions\/7219"}],"wp:featuredmedia":[{"embeddable":true,"href":"https:\/\/pasaenmendoza.com\/index.php?rest_route=\/wp\/v2\/media\/7218"}],"wp:attachment":[{"href":"https:\/\/pasaenmendoza.com\/index.php?rest_route=%2Fwp%2Fv2%2Fmedia&parent=7217"}],"wp:term":[{"taxonomy":"category","embeddable":true,"href":"https:\/\/pasaenmendoza.com\/index.php?rest_route=%2Fwp%2Fv2%2Fcategories&post=7217"},{"taxonomy":"post_tag","embeddable":true,"href":"https:\/\/pasaenmendoza.com\/index.php?rest_route=%2Fwp%2Fv2%2Ftags&post=7217"}],"curies":[{"name":"wp","href":"https:\/\/api.w.org\/{rel}","templated":true}]}}