{"id":7223,"date":"2024-05-02T15:22:45","date_gmt":"2024-05-02T13:22:45","guid":{"rendered":"https:\/\/pasaenmendoza.com\/?p=7223"},"modified":"2024-05-02T15:22:47","modified_gmt":"2024-05-02T13:22:47","slug":"exfuncionario-es-juzgado-por-abusar-a-una-mujer-con-discapacidad-en-un-edificio-municipal","status":"publish","type":"post","link":"https:\/\/pasaenmendoza.com\/?p=7223","title":{"rendered":"Exfuncionario es juzgado por abusar a una mujer con discapacidad en un edificio municipal"},"content":{"rendered":"\n<p>Desde el lunes pasado, un ex funcionario de la\u00a0<strong>Municipalidad de Capital\u00a0<\/strong>comenz\u00f3 a ser juzgado por un\u00a0presunto\u00a0<strong>abuso sexual\u00a0<\/strong>ocurrido contra una joven con\u00a0<strong>discapacidad<\/strong>\u00a0en un establecimiento estatal. El sospechoso, que se encuentra con prisi\u00f3n domiciliaria, arriesga de 8 a 40 a\u00f1os de c\u00e1rcel.<\/p>\n\n\n\n<p><strong>El hombre de 66 a\u00f1os\u00a0<\/strong>se sent\u00f3 en el banquillo de acusados desde el primer d\u00eda de esta semana. Si bien ya se encuentra jubilado,\u00a0<strong>entre 2014 y 2020 fue el jefe del Departamento de Atenci\u00f3n de la Persona con Discapacidad, por lo que estaba al frente de la Casa del Discapacitado que el municipio ten\u00eda en calle Per\u00fa.<\/strong><\/p>\n\n\n\n<p>A mediados de la pandemia del coronavirus, cuando hubo recambio de autoridades en esa instituci\u00f3n,&nbsp;<strong>una mujer que ahora tiene 43 a\u00f1os le confes\u00f3 a sus asistentes que el anterior director la hab\u00eda abusado sexualmente en al menos dos ocasiones.<\/strong><\/p>\n\n\n\n<p>En concreto, la v\u00edctima manifest\u00f3 que el hombre<strong>\u00a0la llam\u00f3 al ba\u00f1o de profesores, le subi\u00f3 la remera, la bes\u00f3 en sus pechos y tambi\u00e9n la oblig\u00f3 a practicarle sexo oral.\u00a0<\/strong>Pese a que la denunciante padece un retraso mental leve, su relato fue claro en c\u00e1mara Gesell, seg\u00fan determinaron los peritos que intervinieron en la investigaci\u00f3n.<\/p>\n\n\n\n<p>El sospechoso que hoy tiene 66 a\u00f1os&nbsp;<strong>fue detenido e imputado por dos hechos de abuso sexual con acceso carnal agravado por estar encargado de la educaci\u00f3n de la v\u00edctima.&nbsp;<\/strong>Bajo esta calificaci\u00f3n legal es que arriesga una potencial&nbsp;<strong>condena de entre 8 y 40 a\u00f1os de c\u00e1rcel.<\/strong><\/p>\n\n\n\n<p>En un principio estuvo alojado en la penitenciar\u00eda, aunque luego obtuvo la\u00a0<strong>prisi\u00f3n domiciliaria<\/strong>, ya que padece hipertensi\u00f3n y adem\u00e1s tiene una pierna amputada.<\/p>\n\n\n\n<p>Este lunes comenz\u00f3 el juicio que se extender\u00e1 durante los pr\u00f3ximos d\u00edas. El fiscal de Delitos Sexuales\u00a0<strong>Dar\u00edo Nora<\/strong>\u00a0estar\u00e1 encargado de demostrar la culpabilidad del sospechoso, mientras que la decisi\u00f3n final estar\u00e1 en manos de los jueces Laura Guajardo, Mauro Perassi y Rafael Escot.<\/p>\n\n\n\n<p><strong>Fuente: www.diariouno.com.ar<\/strong><a rel=\"noreferrer noopener\" href=\"https:\/\/www.facebook.com\/dialog\/feed?app_id=161316767303985&amp;link=https%3A%2F%2Fwww.diariouno.com.ar%2Fjudiciales%2Fexfuncionario-es-juzgado-abusar-una-mujer-discapacidad-un-edificio-municipal-n1315040&amp;name=Exfuncionario+es+juzgado+por+abusar+a+una+mujer+con+discapacidad+en+un+edificio+municipal&amp;caption=Abuso+sexual&amp;description=El+sospechoso+era+el+jefe+de+la+Casa+del+Discapacitado+de+la+Municipalidad+de+Ciudad+y+habr%C3%ADa+vejado+a+una+alumna+de+32+a%C3%B1os+con+retraso+mental&amp;redirect_uri=https%3A%2F%2Fwww.diariouno.com.ar%2Fjudiciales%2Fexfuncionario-es-juzgado-abusar-una-mujer-discapacidad-un-edificio-municipal-n1315040\" target=\"_blank\"><\/a><\/p>\n","protected":false},"excerpt":{"rendered":"<p>Desde el lunes pasado, un ex funcionario de la\u00a0Municipalidad de Capital\u00a0comenz\u00f3 a ser juzgado por un\u00a0presunto\u00a0abuso sexual\u00a0ocurrido contra una joven con\u00a0discapacidad\u00a0en un establecimiento estatal. El sospechoso, que se encuentra con prisi\u00f3n domiciliaria, arriesga de 8 a 40 a\u00f1os de c\u00e1rcel. El hombre de 66 a\u00f1os\u00a0se sent\u00f3 en el banquillo de acusados desde el primer d\u00eda [&hellip;]<\/p>\n","protected":false},"author":2,"featured_media":7224,"comment_status":"open","ping_status":"open","sticky":false,"template":"","format":"standard","meta":[],"categories":[48],"tags":[],"_links":{"self":[{"href":"https:\/\/pasaenmendoza.com\/index.php?rest_route=\/wp\/v2\/posts\/7223"}],"collection":[{"href":"https:\/\/pasaenmendoza.com\/index.php?rest_route=\/wp\/v2\/posts"}],"about":[{"href":"https:\/\/pasaenmendoza.com\/index.php?rest_route=\/wp\/v2\/types\/post"}],"author":[{"embeddable":true,"href":"https:\/\/pasaenmendoza.com\/index.php?rest_route=\/wp\/v2\/users\/2"}],"replies":[{"embeddable":true,"href":"https:\/\/pasaenmendoza.com\/index.php?rest_route=%2Fwp%2Fv2%2Fcomments&post=7223"}],"version-history":[{"count":1,"href":"https:\/\/pasaenmendoza.com\/index.php?rest_route=\/wp\/v2\/posts\/7223\/revisions"}],"predecessor-version":[{"id":7225,"href":"https:\/\/pasaenmendoza.com\/index.php?rest_route=\/wp\/v2\/posts\/7223\/revisions\/7225"}],"wp:featuredmedia":[{"embeddable":true,"href":"https:\/\/pasaenmendoza.com\/index.php?rest_route=\/wp\/v2\/media\/7224"}],"wp:attachment":[{"href":"https:\/\/pasaenmendoza.com\/index.php?rest_route=%2Fwp%2Fv2%2Fmedia&parent=7223"}],"wp:term":[{"taxonomy":"category","embeddable":true,"href":"https:\/\/pasaenmendoza.com\/index.php?rest_route=%2Fwp%2Fv2%2Fcategories&post=7223"},{"taxonomy":"post_tag","embeddable":true,"href":"https:\/\/pasaenmendoza.com\/index.php?rest_route=%2Fwp%2Fv2%2Ftags&post=7223"}],"curies":[{"name":"wp","href":"https:\/\/api.w.org\/{rel}","templated":true}]}}