{"id":7227,"date":"2024-05-02T22:53:19","date_gmt":"2024-05-02T20:53:19","guid":{"rendered":"https:\/\/pasaenmendoza.com\/?p=7227"},"modified":"2024-05-02T22:53:21","modified_gmt":"2024-05-02T20:53:21","slug":"la-asociacion-de-panaderos-de-mendoza-anticipo-que-el-kilo-de-pan-se-ira-casi-a-2-000-desde-el-viernes","status":"publish","type":"post","link":"https:\/\/pasaenmendoza.com\/?p=7227","title":{"rendered":"La asociaci\u00f3n de panaderos de Mendoza anticip\u00f3 que el kilo de pan se ir\u00e1 casi a $2.000 desde el viernes"},"content":{"rendered":"\n<p>Desde este viernes los mendocinos pagar\u00e1n, en promedio, el&nbsp;<strong>13% m\u00e1s en todos los panificados<\/strong>. El aumento lo determin\u00f3 la asociaci\u00f3n de Industriales y Panaderos, desde donde explicaron que se debe al aumento de, entre otras cosas, la bolsa de harina y de las tarifas de luz y gas.<\/p>\n\n\n\n<p>Las panader\u00edas llevar\u00e1n el precio del kilo de pan a $1.920, la docena de tortitas a $3.345 y la docena de facturas, siempre teniendo en cuenta que son las comunes a $4.860.<\/p>\n\n\n\n<p><strong>La explicaci\u00f3n del aumento del pan en Mendoza<\/strong><\/p>\n\n\n\n<p>Seg\u00fan explic\u00f3 <strong>Cristian Di Betta<\/strong>, presidente de la c\u00e1mara de panaderos de Mendoza, en los \u00faltimos 15 d\u00edas el valor de la bolsa de harina escal\u00f3 a $500, y en algunos lugares lleg\u00f3 hasta a $800.<\/p>\n\n\n\n<p>Por otra parte, los combustibles aumentaron cuatro veces desde el anterior aumento de los panificados, sum\u00f3.<\/p>\n\n\n\n<p>El incremento m\u00e1s importante, de acuerdo al empresario panadero, se da en las tarifas de luz y gas, los servicios b\u00e1sicos para este tipo de emprendimientos.<\/p>\n\n\n\n<p><strong>La ca\u00edda de las ventas de las panader\u00edas<\/strong><\/p>\n\n\n\n<p>Di Betta explic\u00f3 que, en promedio,<strong>\u00a0las ventas en las panader\u00edas cayeron entre el 40% y el 45% en lo que va del a\u00f1o<\/strong>. Aunque, tambi\u00e9n record\u00f3 que para mayo de 2023 ya hab\u00edan subido 5 veces los precios de los panificados, y en esta ocasi\u00f3n, es el segundo aumento.<\/p>\n\n\n\n<h6 class=\"wp-block-heading\"><strong>Fuente: www.diariouno.com.ar<\/strong><\/h6>\n","protected":false},"excerpt":{"rendered":"<p>Desde este viernes los mendocinos pagar\u00e1n, en promedio, el&nbsp;13% m\u00e1s en todos los panificados. El aumento lo determin\u00f3 la asociaci\u00f3n de Industriales y Panaderos, desde donde explicaron que se debe al aumento de, entre otras cosas, la bolsa de harina y de las tarifas de luz y gas. Las panader\u00edas llevar\u00e1n el precio del kilo [&hellip;]<\/p>\n","protected":false},"author":2,"featured_media":7228,"comment_status":"open","ping_status":"open","sticky":false,"template":"","format":"standard","meta":[],"categories":[79],"tags":[],"_links":{"self":[{"href":"https:\/\/pasaenmendoza.com\/index.php?rest_route=\/wp\/v2\/posts\/7227"}],"collection":[{"href":"https:\/\/pasaenmendoza.com\/index.php?rest_route=\/wp\/v2\/posts"}],"about":[{"href":"https:\/\/pasaenmendoza.com\/index.php?rest_route=\/wp\/v2\/types\/post"}],"author":[{"embeddable":true,"href":"https:\/\/pasaenmendoza.com\/index.php?rest_route=\/wp\/v2\/users\/2"}],"replies":[{"embeddable":true,"href":"https:\/\/pasaenmendoza.com\/index.php?rest_route=%2Fwp%2Fv2%2Fcomments&post=7227"}],"version-history":[{"count":1,"href":"https:\/\/pasaenmendoza.com\/index.php?rest_route=\/wp\/v2\/posts\/7227\/revisions"}],"predecessor-version":[{"id":7229,"href":"https:\/\/pasaenmendoza.com\/index.php?rest_route=\/wp\/v2\/posts\/7227\/revisions\/7229"}],"wp:featuredmedia":[{"embeddable":true,"href":"https:\/\/pasaenmendoza.com\/index.php?rest_route=\/wp\/v2\/media\/7228"}],"wp:attachment":[{"href":"https:\/\/pasaenmendoza.com\/index.php?rest_route=%2Fwp%2Fv2%2Fmedia&parent=7227"}],"wp:term":[{"taxonomy":"category","embeddable":true,"href":"https:\/\/pasaenmendoza.com\/index.php?rest_route=%2Fwp%2Fv2%2Fcategories&post=7227"},{"taxonomy":"post_tag","embeddable":true,"href":"https:\/\/pasaenmendoza.com\/index.php?rest_route=%2Fwp%2Fv2%2Ftags&post=7227"}],"curies":[{"name":"wp","href":"https:\/\/api.w.org\/{rel}","templated":true}]}}