{"id":7230,"date":"2024-05-02T23:15:31","date_gmt":"2024-05-02T21:15:31","guid":{"rendered":"https:\/\/pasaenmendoza.com\/?p=7230"},"modified":"2024-05-02T23:15:33","modified_gmt":"2024-05-02T21:15:33","slug":"la-dge-publico-cuales-son-las-49-escuelas-que-tendran-salas-de-3-anos-y-ya-abrio-la-inscripcion","status":"publish","type":"post","link":"https:\/\/pasaenmendoza.com\/?p=7230","title":{"rendered":"La DGE public\u00f3 cu\u00e1les son las 49 escuelas que tendr\u00e1n salas de 3 a\u00f1os y ya abri\u00f3 la inscripci\u00f3n"},"content":{"rendered":"\n<p>La Direcci\u00f3n General de Escuelas (<strong>DGE<\/strong>)\u00a0<strong>dio a conocer cu\u00e1les son las\u00a0escuelas p\u00fablicas que sumar\u00e1n salitas de 3 a\u00f1os a partir del lunes<\/strong>\u00a0en toda la provincia. Se trata de 49 instituciones que abrir\u00e1n en total 62 salas para 768 ni\u00f1os.\u00a0<strong>Las inscripciones comenzaron el lunes pasado con la convocatoria a los ni\u00f1os que estaban en lista de espera.<\/strong><\/p>\n\n\n\n<p>&#8220;El ingreso de alumnos a sala de 3 a\u00f1os es posible en los formatos de creaciones, refuncionalizaciones de salas existentes y plurisalas,&nbsp;<strong>dando respuesta a los contextos urbanos y rurales que no ofrecen la posibilidad de acceder a un jard\u00edn maternal<\/strong>, como tambi\u00e9n a las necesidades de los ni\u00f1os, ni\u00f1as y sus familias, teniendo en cuenta la posibilidad de iniciar formalmente a temprana edad la trayectoria escolar,&nbsp;<strong>priorizando la atenci\u00f3n educativa de los sectores menos favorecidos de la poblaci\u00f3n<\/strong>&#8220;, expres\u00f3 el director de la DGE y ministro de Educaci\u00f3n en los argumentos de la&nbsp;<strong>resoluci\u00f3n N\u00ba 2587<\/strong>.<\/p>\n\n\n\n<p>El anuncio de la apertura de estas salas lo dio el gobernador Alfredo Cornejo durante su\u00a0<strong>discurso en la Asamblea Legislativa\u00a0<\/strong>que dio inicio al per\u00edodo de sesiones ordinarias.<\/p>\n\n\n\n<p>En la norma que se public\u00f3 este jueves en el Bolet\u00edn Oficial se dispone tambi\u00e9n la\u00a0<strong>refuncionalizaci\u00f3n de cargos<\/strong>\u00a0que est\u00e1n en disponibilidad en cada regional de la jurisdicci\u00f3n y la\u00a0<strong>designaci\u00f3n de personal docente necesario<\/strong>\u00a0para garantizar el adecuado desarrollo de las actividades educativas.<\/p>\n\n\n\n<h2 class=\"wp-block-heading\">DGE: carga horaria y listado de escuelas con salas de 3 a\u00f1os en Mendoza<\/h2>\n\n\n\n<p>La Direcci\u00f3n General de Escuelas dispuso que&nbsp;<strong>la carga horaria a desarrollar por los estudiantes de sala de 3 a\u00f1os ser\u00e1 la misma que para salas de 4 y 5 a\u00f1os<\/strong>&nbsp;de los jardines de infantes estatales de Mendoza.<\/p>\n\n\n\n<p>En el anexo 4 de la resoluci\u00f3n figuran las&nbsp;<strong>49 instituciones que abrir\u00e1n salitas de 3 a\u00f1os<\/strong>&nbsp;y la cantidad de alumnos que recibir\u00e1n en cada una de ellas.<\/p>\n\n\n\n<figure class=\"wp-block-image\"><img decoding=\"async\" src=\"https:\/\/media.diariouno.com.ar\/p\/29df40eb3c9a8e026028d99d2e7a18cd\/adjuntos\/298\/imagenes\/009\/330\/0009330592\/1200x0\/smart\/escuelas-salas-3-mendoza-dgejpg.jpg\" alt=\"\" title=\"\"\/><\/figure>\n\n\n\n<figure class=\"wp-block-image\"><img decoding=\"async\" src=\"https:\/\/media.diariouno.com.ar\/p\/188b33fe24ce416cb78647081047226f\/adjuntos\/298\/imagenes\/009\/330\/0009330591\/1200x0\/smart\/escuelas-salas-3-mendoza-dge-parte-2jpg.jpg\" alt=\"\" title=\"\"\/><\/figure>\n\n\n\n<p>Tambi\u00e9n se dio a conocer que\u00a0<strong>otras 58 escuelas ya pidieron a la DGE la apertura de plurisalas\u00a0<\/strong>(salas con edades integradas) para otros 229 ni\u00f1os.<\/p>\n\n\n\n<h2 class=\"wp-block-heading\">C\u00f3mo es la inscripci\u00f3n para las salitas de 3 a\u00f1os en Mendoza<\/h2>\n\n\n\n<p>El lunes comenzaron las inscripciones para las salitas p\u00fablicas de 3 a\u00f1os que abrir\u00e1n desde la semana que viene.<\/p>\n\n\n\n<p>Desde la\u00a0<strong>DGE se\u00f1alaron<\/strong> que el trabajo previo que se realiz\u00f3 fue un\u00a0<strong>relevamiento en los jardines maternales cercanos a las escuelas\u00a0<\/strong>que tendr\u00e1n salitas de 3. En ellos<strong>\u00a0se contact\u00f3 a los pap\u00e1s y mam\u00e1s que se hab\u00edan anotado en listas de espera<\/strong>\u00a0por falta de matr\u00edcula en esas instituciones.<\/p>\n\n\n\n<p>&#8220;A esos ni\u00f1os se les llam\u00f3 porque los padres ten\u00edan un inter\u00e9s&#8221;, indicaron desde la Direcci\u00f3n.<\/p>\n\n\n\n<p>Los interesados en anotar a sus hijos para estas salas que abren el lunes\u00a0<strong>pueden acercarse por las escuelas\u00a0<\/strong>para averiguar si hay o no disponibilidad, y en su caso, formalizar la inscripci\u00f3n.<\/p>\n\n\n\n<p><strong>Fuente: www.diariouno.com.ar<\/strong><\/p>\n","protected":false},"excerpt":{"rendered":"<p>La Direcci\u00f3n General de Escuelas (DGE)\u00a0dio a conocer cu\u00e1les son las\u00a0escuelas p\u00fablicas que sumar\u00e1n salitas de 3 a\u00f1os a partir del lunes\u00a0en toda la provincia. Se trata de 49 instituciones que abrir\u00e1n en total 62 salas para 768 ni\u00f1os.\u00a0Las inscripciones comenzaron el lunes pasado con la convocatoria a los ni\u00f1os que estaban en lista de [&hellip;]<\/p>\n","protected":false},"author":2,"featured_media":7231,"comment_status":"open","ping_status":"open","sticky":false,"template":"","format":"standard","meta":[],"categories":[56],"tags":[],"_links":{"self":[{"href":"https:\/\/pasaenmendoza.com\/index.php?rest_route=\/wp\/v2\/posts\/7230"}],"collection":[{"href":"https:\/\/pasaenmendoza.com\/index.php?rest_route=\/wp\/v2\/posts"}],"about":[{"href":"https:\/\/pasaenmendoza.com\/index.php?rest_route=\/wp\/v2\/types\/post"}],"author":[{"embeddable":true,"href":"https:\/\/pasaenmendoza.com\/index.php?rest_route=\/wp\/v2\/users\/2"}],"replies":[{"embeddable":true,"href":"https:\/\/pasaenmendoza.com\/index.php?rest_route=%2Fwp%2Fv2%2Fcomments&post=7230"}],"version-history":[{"count":1,"href":"https:\/\/pasaenmendoza.com\/index.php?rest_route=\/wp\/v2\/posts\/7230\/revisions"}],"predecessor-version":[{"id":7232,"href":"https:\/\/pasaenmendoza.com\/index.php?rest_route=\/wp\/v2\/posts\/7230\/revisions\/7232"}],"wp:featuredmedia":[{"embeddable":true,"href":"https:\/\/pasaenmendoza.com\/index.php?rest_route=\/wp\/v2\/media\/7231"}],"wp:attachment":[{"href":"https:\/\/pasaenmendoza.com\/index.php?rest_route=%2Fwp%2Fv2%2Fmedia&parent=7230"}],"wp:term":[{"taxonomy":"category","embeddable":true,"href":"https:\/\/pasaenmendoza.com\/index.php?rest_route=%2Fwp%2Fv2%2Fcategories&post=7230"},{"taxonomy":"post_tag","embeddable":true,"href":"https:\/\/pasaenmendoza.com\/index.php?rest_route=%2Fwp%2Fv2%2Ftags&post=7230"}],"curies":[{"name":"wp","href":"https:\/\/api.w.org\/{rel}","templated":true}]}}