{"id":7233,"date":"2024-05-02T23:23:16","date_gmt":"2024-05-02T21:23:16","guid":{"rendered":"https:\/\/pasaenmendoza.com\/?p=7233"},"modified":"2024-05-02T23:23:17","modified_gmt":"2024-05-02T21:23:17","slug":"arranco-un-nuevo-sale-mendoza-de-otono-con-mas-prestadores-adheridos-que-en-el-verano","status":"publish","type":"post","link":"https:\/\/pasaenmendoza.com\/?p=7233","title":{"rendered":"Arranc\u00f3 un nuevo Sale Mendoza de oto\u00f1o con m\u00e1s prestadores adheridos que en el verano"},"content":{"rendered":"\n<p>El Gobierno, a trav\u00e9s del Emetur y con el sector privado, mantiene su plan para incentivar el\u00a0<strong>turismo interno<\/strong>\u00a0en Mendoza todo el a\u00f1o. Por ello lanz\u00f3\u00a0<strong>un nuevo Sale Mendoza, el programa de beneficios tur\u00edsticos\u00a0para pasear por la provincia en oto\u00f1o<\/strong>, que en su inicio ya cuenta con m\u00e1s prestadores adheridos en comparaci\u00f3n a su edici\u00f3n de verano.<\/p>\n\n\n\n<p>En su primer d\u00eda,\u00a0<strong>Sale Mendoza en oto\u00f1o tiene 75 ofertas de distintos rubros vinculados al turismo; mientras que en el verano apenas llegaba a los 50 emprendimientos<\/strong>\u00a0que se sumaron al inicio. As\u00ed y todo, las empresas que deseen sumarse todav\u00eda pueden hacerlo a trav\u00e9s de la web del programa (<strong>https:sale.mendoza.tur.ar<\/strong>), as\u00ed como los mendocinos pueden consultar all\u00ed todas las propuestas incluidas que brindar\u00e1n hasta un 30% de descuento en el valor de lo que se vaya a comprar.<\/p>\n\n\n\n<p><strong>Los alojamientos son, por lejos, los m\u00e1s requeridos<\/strong>\u00a0sobre gastronom\u00eda, excursiones, turismo aventura o experiencias enotur\u00edsticas, entre otras ofertas que incluye el programa. As\u00ed como los destinos m\u00e1s consultados son el Valle de Uco y el Sur provincial.<\/p>\n\n\n\n<p>Esta campa\u00f1a de oto\u00f1o que lanz\u00f3 el&nbsp;<strong>Emetur (Ente Mendoza Turismo)<\/strong>, en acuerdo con las c\u00e1maras empresariales del sector, est\u00e1 destinada a la&nbsp;<strong>captaci\u00f3n de turistas en una \u00e9poca de merma para el movimiento tur\u00edstico local<\/strong>. Desde este jueves 2 y hasta el 30 de junio, exceptuando los fines de semana largos, los visitantes podr\u00e1n beneficiarse de&nbsp;<strong>descuentos de hasta el 30% en men\u00fas de restaurantes, tours, traslados, alquileres temporarios, hoteles, turismo rural o enoturismo<\/strong>, entre otras propuestas.<\/p>\n\n\n\n<p><strong>Sale Mendoza apunta a fomentar las escapadas<\/strong>, tanto para mendocinos como para el resto de los argentinos que se sientan atra\u00eddos por conocer los lugares tur\u00edsticos que ofrece la provincia. \u201cEl Gobierno hace una gran inversi\u00f3n publicitaria, considerando que\u00a0<strong>el turismo genera un gran impacto en la econom\u00eda y el empleo<\/strong>. Desde que comenz\u00f3 la gesti\u00f3n, hemos presentado cuatro campa\u00f1as para atraer a los turistas\u201d, destac\u00f3 Gabriela Testa, presidenta del Emetur.<\/p>\n\n\n\n<h2 class=\"wp-block-heading\">Sale Mendoza entre monta\u00f1as y con vino<\/h2>\n\n\n\n<p>Con la intenci\u00f3n de mostrar a Mendoza como un destino \u00fanico sobre el resto del pa\u00eds,&nbsp;<strong>si hay algo que caracteriza esta tierra colmada de paisajes maravillosos es su \u00e9poca oto\u00f1al<\/strong>. Y la campa\u00f1a publicitaria de este Sale Mendoza rescata esa cualidad que conquista al visitante a trav\u00e9s de los sentidos.<\/p>\n\n\n\n<p>Cada rinc\u00f3n de la provincia se pinta de colores ocres, naranjas, amarillos, a los que se suman pinceladas de blanco aportadas por las nieves eternas.<\/p>\n\n\n\n<p>En cuanto a su principal atractivo,\u00a0<strong>Mendoza cuenta con 882 bodegas de las cuales 209 est\u00e1n abiertas al turismo<\/strong>, con propuestas que van desde visitas guiadas hasta degustaciones, restaurantes, espect\u00e1culos y mucho m\u00e1s. Las 145.394 hect\u00e1reas con plantaciones de vid que posee la provincia est\u00e1n distribuidas por toda la geograf\u00eda mendocina, lo que permite encontrar im\u00e1genes maravillosas de sus vi\u00f1edos, de norte a sur y de este a oeste.<\/p>\n\n\n\n<p>Llegar a la monta\u00f1a desde la Ciudad de Mendoza representa un viaje en veh\u00edculo de una hora. Son dos los caminos por los que se puede llegar a las villas de monta\u00f1a m\u00e1s conocidas como<strong>&nbsp;Potrerillos y Uspallata, antesala para cruzar hacia Chile y que ostentan los retratos de la Cordillera de los Andes m\u00e1s buscados<\/strong>&nbsp;por el visitante.<\/p>\n\n\n\n<p>Otra zona tur\u00edstica por excelencia es el Valle de Uco, integrado por los departamentos de San Carlos, Tunuy\u00e1n y Tupungato. En direcci\u00f3n al sur de Mendoza, este destino ofrece una&nbsp;<strong>gran variedad de emprendimientos vitivin\u00edcolas en su camino del vino<\/strong>, as\u00ed como recorridos por sitios hist\u00f3ricos y patrimoniales, teniendo de marco el Cord\u00f3n del Plata en plena cordillera andina.<\/p>\n\n\n\n<h2 class=\"wp-block-heading\">Del desierto al campo para atraer el turismo interno<\/h2>\n\n\n\n<p>Hacia el norte se ubica Lavalle y su desierto infinito, una\u00a0<strong>tierra de contrastes con oasis cultivados y grandes espacios \u00e1ridos<\/strong>, plenos de vida natural que se desarrollan en la planicie de la traves\u00eda de Huanacache, entre ondulantes m\u00e9danos de arena y ca\u00f1adas, donde crecen bosques abiertos de especies aut\u00f3ctonas. Imperdible para visitar los Altos Limpios y su Reserva Telteca.<\/p>\n\n\n\n<p>M\u00e1s cerca de la capital mendocina, en el Gran Mendoza los departamentos de\u00a0<strong>Maip\u00fa y Luj\u00e1n de Cuyo destacan por ser zonas productivas con gran desarrollo del enoturismo<\/strong>. Los visitantes pueden descubrir un sinf\u00edn de propuestas relacionadas al mundo del vino y del aceite de oliva.<\/p>\n\n\n\n<p>Ya en la&nbsp;<strong>Ciudad de Mendoza<\/strong>&nbsp;se ubica el Parque General San Mart\u00edn, que abarca 307 hect\u00e1reas cultivadas y 86 hect\u00e1reas en expansi\u00f3n, con 17 kil\u00f3metros de recorrido que incluye el m\u00edtico Cerro de la Gloria.&nbsp;<strong>Durante el oto\u00f1o, sus postales incre\u00edbles se disfrutan gracias a un clima templado<\/strong>, en el que el tibio sol es protagonista.<\/p>\n\n\n\n<p>Los departamentos de San Rafael, General Alvear y Malarg\u00fce ofrecen cientos de lugares imperdibles para conocer, relacionados con\u00a0<strong>el turismo rural, sus parques naturales protegidos, espejos de agua y monta\u00f1as<\/strong>\u00a0de formaciones \u00fanicas.<\/p>\n\n\n\n<p><strong>Fuente: www.diariouno.com.ar<\/strong><\/p>\n\n\n\n<p><a rel=\"noreferrer noopener\" href=\"https:\/\/www.facebook.com\/dialog\/feed?app_id=161316767303985&amp;link=https%3A%2F%2Fwww.diariouno.com.ar%2Fsociedad%2Farranco-un-nuevo-sale-mendoza-otono-mas-prestadores-adheridos-que-el-verano-n1315516&amp;name=Arranc%C3%B3+un+nuevo+Sale+Mendoza+de+oto%C3%B1o+con+m%C3%A1s+prestadores+adheridos+que+en+el+verano&amp;caption=Sale+Mendoza&amp;description=Sale+Mendoza%2C+el+programa+de+beneficios+tur%C3%ADsticos+que+ofrece+el+Gobierno+junto+al+sector+privado%2C+busca+alentar+el+turismo+interno+hasta+mitad+de+a%C3%B1o&amp;redirect_uri=https%3A%2F%2Fwww.diariouno.com.ar%2Fsociedad%2Farranco-un-nuevo-sale-mendoza-otono-mas-prestadores-adheridos-que-el-verano-n1315516\" target=\"_blank\"><\/a><\/p>\n","protected":false},"excerpt":{"rendered":"<p>El Gobierno, a trav\u00e9s del Emetur y con el sector privado, mantiene su plan para incentivar el\u00a0turismo interno\u00a0en Mendoza todo el a\u00f1o. Por ello lanz\u00f3\u00a0un nuevo Sale Mendoza, el programa de beneficios tur\u00edsticos\u00a0para pasear por la provincia en oto\u00f1o, que en su inicio ya cuenta con m\u00e1s prestadores adheridos en comparaci\u00f3n a su edici\u00f3n de [&hellip;]<\/p>\n","protected":false},"author":2,"featured_media":7235,"comment_status":"open","ping_status":"open","sticky":false,"template":"","format":"standard","meta":[],"categories":[64],"tags":[],"_links":{"self":[{"href":"https:\/\/pasaenmendoza.com\/index.php?rest_route=\/wp\/v2\/posts\/7233"}],"collection":[{"href":"https:\/\/pasaenmendoza.com\/index.php?rest_route=\/wp\/v2\/posts"}],"about":[{"href":"https:\/\/pasaenmendoza.com\/index.php?rest_route=\/wp\/v2\/types\/post"}],"author":[{"embeddable":true,"href":"https:\/\/pasaenmendoza.com\/index.php?rest_route=\/wp\/v2\/users\/2"}],"replies":[{"embeddable":true,"href":"https:\/\/pasaenmendoza.com\/index.php?rest_route=%2Fwp%2Fv2%2Fcomments&post=7233"}],"version-history":[{"count":1,"href":"https:\/\/pasaenmendoza.com\/index.php?rest_route=\/wp\/v2\/posts\/7233\/revisions"}],"predecessor-version":[{"id":7236,"href":"https:\/\/pasaenmendoza.com\/index.php?rest_route=\/wp\/v2\/posts\/7233\/revisions\/7236"}],"wp:featuredmedia":[{"embeddable":true,"href":"https:\/\/pasaenmendoza.com\/index.php?rest_route=\/wp\/v2\/media\/7235"}],"wp:attachment":[{"href":"https:\/\/pasaenmendoza.com\/index.php?rest_route=%2Fwp%2Fv2%2Fmedia&parent=7233"}],"wp:term":[{"taxonomy":"category","embeddable":true,"href":"https:\/\/pasaenmendoza.com\/index.php?rest_route=%2Fwp%2Fv2%2Fcategories&post=7233"},{"taxonomy":"post_tag","embeddable":true,"href":"https:\/\/pasaenmendoza.com\/index.php?rest_route=%2Fwp%2Fv2%2Ftags&post=7233"}],"curies":[{"name":"wp","href":"https:\/\/api.w.org\/{rel}","templated":true}]}}