{"id":7241,"date":"2024-05-03T15:27:28","date_gmt":"2024-05-03T13:27:28","guid":{"rendered":"https:\/\/pasaenmendoza.com\/?p=7241"},"modified":"2024-05-03T15:27:30","modified_gmt":"2024-05-03T13:27:30","slug":"este-viernes-estara-soleado-y-frio-pero-el-fin-de-semana-sube-la-maxima","status":"publish","type":"post","link":"https:\/\/pasaenmendoza.com\/?p=7241","title":{"rendered":"Este viernes estar\u00e1 soleado y fr\u00edo, pero el fin de semana sube la m\u00e1xima"},"content":{"rendered":"\n<p><strong>Este viernes sigue el tiempo fr\u00edo pero el fin de semana se pone m\u00e1s c\u00e1lido.\u00a0<\/strong><\/p>\n\n\n\n<p>Seg\u00fan el&nbsp;<strong>SMN<\/strong>, en el Gran Mendoza la m\u00e1xima llegar\u00e1 hoy a los<strong>&nbsp;16\u00b0&nbsp;<\/strong>y la humedad relativa del ambiente se mantiene alrededor del 70%.<\/p>\n\n\n\n<p>El cielo permanece con pocas nubes y sopla leve viento del sureste. Por la noche, el ingreso del viento norte producir\u00e1 un ascenso de temperatura.&nbsp;<\/p>\n\n\n\n<p>Para ma\u00f1ana s\u00e1bado el pron\u00f3stico indica que la m\u00e1xima estar\u00e1 en los 19\u00b0 y el cielo estar\u00e1 despejado. El domingo habr\u00e1 m\u00e1s nubes y la m\u00e1xima estar\u00e1 en los 17\u00b0.\u00a0<\/p>\n\n\n\n<p><strong>Fuente: www.mendozapost.com<\/strong><\/p>\n","protected":false},"excerpt":{"rendered":"<p>Este viernes sigue el tiempo fr\u00edo pero el fin de semana se pone m\u00e1s c\u00e1lido.\u00a0 Seg\u00fan el&nbsp;SMN, en el Gran Mendoza la m\u00e1xima llegar\u00e1 hoy a los&nbsp;16\u00b0&nbsp;y la humedad relativa del ambiente se mantiene alrededor del 70%. El cielo permanece con pocas nubes y sopla leve viento del sureste. Por la noche, el ingreso del [&hellip;]<\/p>\n","protected":false},"author":2,"featured_media":7242,"comment_status":"open","ping_status":"open","sticky":false,"template":"","format":"standard","meta":[],"categories":[52],"tags":[],"_links":{"self":[{"href":"https:\/\/pasaenmendoza.com\/index.php?rest_route=\/wp\/v2\/posts\/7241"}],"collection":[{"href":"https:\/\/pasaenmendoza.com\/index.php?rest_route=\/wp\/v2\/posts"}],"about":[{"href":"https:\/\/pasaenmendoza.com\/index.php?rest_route=\/wp\/v2\/types\/post"}],"author":[{"embeddable":true,"href":"https:\/\/pasaenmendoza.com\/index.php?rest_route=\/wp\/v2\/users\/2"}],"replies":[{"embeddable":true,"href":"https:\/\/pasaenmendoza.com\/index.php?rest_route=%2Fwp%2Fv2%2Fcomments&post=7241"}],"version-history":[{"count":1,"href":"https:\/\/pasaenmendoza.com\/index.php?rest_route=\/wp\/v2\/posts\/7241\/revisions"}],"predecessor-version":[{"id":7243,"href":"https:\/\/pasaenmendoza.com\/index.php?rest_route=\/wp\/v2\/posts\/7241\/revisions\/7243"}],"wp:featuredmedia":[{"embeddable":true,"href":"https:\/\/pasaenmendoza.com\/index.php?rest_route=\/wp\/v2\/media\/7242"}],"wp:attachment":[{"href":"https:\/\/pasaenmendoza.com\/index.php?rest_route=%2Fwp%2Fv2%2Fmedia&parent=7241"}],"wp:term":[{"taxonomy":"category","embeddable":true,"href":"https:\/\/pasaenmendoza.com\/index.php?rest_route=%2Fwp%2Fv2%2Fcategories&post=7241"},{"taxonomy":"post_tag","embeddable":true,"href":"https:\/\/pasaenmendoza.com\/index.php?rest_route=%2Fwp%2Fv2%2Ftags&post=7241"}],"curies":[{"name":"wp","href":"https:\/\/api.w.org\/{rel}","templated":true}]}}