{"id":7244,"date":"2024-05-03T15:38:41","date_gmt":"2024-05-03T13:38:41","guid":{"rendered":"https:\/\/pasaenmendoza.com\/?p=7244"},"modified":"2024-05-03T15:38:43","modified_gmt":"2024-05-03T13:38:43","slug":"dos-jovenes-presos-quisieron-fugarse-de-la-nueva-carcel-de-mendoza","status":"publish","type":"post","link":"https:\/\/pasaenmendoza.com\/?p=7244","title":{"rendered":"Dos j\u00f3venes presos quisieron fugarse de la nueva c\u00e1rcel de Mendoza"},"content":{"rendered":"\n<p>Dos internos quisieron fugarse la ma\u00f1ana de este jueves del&nbsp;<strong>Complejo Penitenciario Almafuerte II<\/strong>&nbsp;de&nbsp;<strong>Cacheuta<\/strong>,&nbsp;<strong>Luj\u00e1n de Cuyo<\/strong>. Se trata de reos que fueron recientemente alojados en la nueva c\u00e1rcel mendocina, quienes fueron interceptados por guardias antes de ganar la calle.<\/p>\n\n\n\n<p>La situaci\u00f3n se registr\u00f3 en el Ala 1 del Sector A del penal que se cre\u00f3 en el 2020, pero que&nbsp;<mark>s\u00f3lo hace algunas semanas empez\u00f3 a operar a plena capacidad<\/mark>. Fue entre fines de marzo y comienzos de abril que se trasladaron a casi 400 internos provenientes de&nbsp;<strong>Almafuerte I<\/strong>,&nbsp;<strong>San Felipe<\/strong>&nbsp;y de la&nbsp;<strong>Unidad N\u00ba 6 J\u00f3venes Adultos<\/strong>.<\/p>\n\n\n\n<p>Justamente, de ese \u00faltimo complejo llegaron los dos presos que se propusieron en horas de la ma\u00f1ana de este jueves evadir los diferentes dispositivos de seguridad de la instituci\u00f3n carcelaria para intentar concretar el escape.<\/p>\n\n\n\n<p>De acuerdo con fuentes consultadas, los dos internos, de 19 y 20 a\u00f1os, lograron salir de su celda pero&nbsp;<mark>fueron descubiertos por personal penitenciario cuando llevaban algunos metros corriendo, lejos de los per\u00edmetros de la prisi\u00f3n lujanina<\/mark>.<\/p>\n\n\n\n<p>Es m\u00e1s, ni siquiera alcanzaron a salir del propio m\u00f3dulo donde permanecen alojados, llegando a una suerte de patio con el que cuenta ese sector del edificio lujanino.<\/p>\n\n\n\n<p>La informaci\u00f3n agrega que los reos se encuentran purgando condenas por delitos de encubrimiento y robo simple, respectivamente.<\/p>\n\n\n\n<p>Por su parte, la<strong>&nbsp;Inspecci\u00f3n General de Seguridad<\/strong>&nbsp;(<strong>IGS<\/strong>) tom\u00f3 intervenci\u00f3n en el caso e&nbsp;<mark>inici\u00f3 una investigaci\u00f3n interna para determinar si hubo alg\u00fan tipo de negligencia o connivencia por parte de los guardiac\u00e1rceles<\/mark>&nbsp;a cargo de la seguridad de ese sector para que los presos consiguieran salir de su celda.<\/p>\n\n\n\n<p>Asimismo, el\u00a0<strong>Servicio Penitenciario<\/strong>\u00a0desarrolla su propia pesquisa para establecer c\u00f3mo ocurri\u00f3 esa falla en la seguridad interna del complejo.<\/p>\n\n\n\n<p><strong>Fuente: www.elsol.com.ar<\/strong><\/p>\n","protected":false},"excerpt":{"rendered":"<p>Dos internos quisieron fugarse la ma\u00f1ana de este jueves del&nbsp;Complejo Penitenciario Almafuerte II&nbsp;de&nbsp;Cacheuta,&nbsp;Luj\u00e1n de Cuyo. Se trata de reos que fueron recientemente alojados en la nueva c\u00e1rcel mendocina, quienes fueron interceptados por guardias antes de ganar la calle. La situaci\u00f3n se registr\u00f3 en el Ala 1 del Sector A del penal que se cre\u00f3 en [&hellip;]<\/p>\n","protected":false},"author":2,"featured_media":7245,"comment_status":"open","ping_status":"open","sticky":false,"template":"","format":"standard","meta":[],"categories":[48],"tags":[],"_links":{"self":[{"href":"https:\/\/pasaenmendoza.com\/index.php?rest_route=\/wp\/v2\/posts\/7244"}],"collection":[{"href":"https:\/\/pasaenmendoza.com\/index.php?rest_route=\/wp\/v2\/posts"}],"about":[{"href":"https:\/\/pasaenmendoza.com\/index.php?rest_route=\/wp\/v2\/types\/post"}],"author":[{"embeddable":true,"href":"https:\/\/pasaenmendoza.com\/index.php?rest_route=\/wp\/v2\/users\/2"}],"replies":[{"embeddable":true,"href":"https:\/\/pasaenmendoza.com\/index.php?rest_route=%2Fwp%2Fv2%2Fcomments&post=7244"}],"version-history":[{"count":1,"href":"https:\/\/pasaenmendoza.com\/index.php?rest_route=\/wp\/v2\/posts\/7244\/revisions"}],"predecessor-version":[{"id":7246,"href":"https:\/\/pasaenmendoza.com\/index.php?rest_route=\/wp\/v2\/posts\/7244\/revisions\/7246"}],"wp:featuredmedia":[{"embeddable":true,"href":"https:\/\/pasaenmendoza.com\/index.php?rest_route=\/wp\/v2\/media\/7245"}],"wp:attachment":[{"href":"https:\/\/pasaenmendoza.com\/index.php?rest_route=%2Fwp%2Fv2%2Fmedia&parent=7244"}],"wp:term":[{"taxonomy":"category","embeddable":true,"href":"https:\/\/pasaenmendoza.com\/index.php?rest_route=%2Fwp%2Fv2%2Fcategories&post=7244"},{"taxonomy":"post_tag","embeddable":true,"href":"https:\/\/pasaenmendoza.com\/index.php?rest_route=%2Fwp%2Fv2%2Ftags&post=7244"}],"curies":[{"name":"wp","href":"https:\/\/api.w.org\/{rel}","templated":true}]}}