{"id":7251,"date":"2024-05-03T15:52:39","date_gmt":"2024-05-03T13:52:39","guid":{"rendered":"https:\/\/pasaenmendoza.com\/?p=7251"},"modified":"2024-05-03T15:52:41","modified_gmt":"2024-05-03T13:52:41","slug":"le-negaron-la-libertad-y-mandaron-a-juicio-a-camionero-acusado-de-contrabando-de-armas-hacia-chile","status":"publish","type":"post","link":"https:\/\/pasaenmendoza.com\/?p=7251","title":{"rendered":"Le negaron la libertad y mandaron a juicio a camionero acusado de contrabando de armas hacia Chile"},"content":{"rendered":"\n<p>En las pr\u00f3ximas semanas se llevar\u00e1 adelante un juicio en Mendoza por una causa de\u00a0<strong>contrabando<\/strong>, algo bastante cotidiano en esta provincia, pero con la particularidad de que la mercader\u00eda que intentaron cruzar hacia Chile era una importante cantidad de armas de fuego y de municiones. El \u00fanico sospechoso, un camionero, estar\u00e1 alojado en el penal hasta que se realice el debate.<\/p>\n\n\n\n<p>El 17 de abril de 2022, personal de&nbsp;<strong>Gendarmer\u00eda Nacional procedi\u00f3 a realizar un control&nbsp;<\/strong>rutinario en la ruta hacia Chile por alta monta\u00f1a.<\/p>\n\n\n\n<p>En concreto, un cami\u00f3n fue detenido y revisado en el puesto fijo Los \u00c1rboles, ubicado en la localidad de\u00a0<strong>Uspallata<\/strong>. A las autoridades no le cost\u00f3 mucho detectar en el remolque del veh\u00edculo el importante cargamento que no hab\u00eda declarado el conductor.<\/p>\n\n\n\n<p>Se trataba de<strong>&nbsp;11 armas de fuego,<\/strong>&nbsp;en su totalidad pistolas, de distinto calibre y algunas con el n\u00famero de fabricaci\u00f3n limado.<strong>&nbsp;Tambi\u00e9n se encontr\u00f3 un kit para convertir esas armas de pu\u00f1o en ametralladoras. Y, de postre, se encontr\u00f3 un total de 2.022 municiones de 9 mil\u00edmetros, calibre 38 y 40.&nbsp;<\/strong>El material qued\u00f3 incautado y el camionero, Roberto Carlos Ag\u00fcero (46), qued\u00f3 aprehendido.<\/p>\n\n\n\n<p>La causa comenz\u00f3 a ser investigada por la Justicia provincial pero r\u00e1pidamente fue trasladado a la Justicia Federal ya que el camionero fue imputado por el\u00a0<strong>delito de contrabando de armas agravado por la exportaci\u00f3n, adem\u00e1s de acopio ilegal de armas de guerra<\/strong>. Bajo esta calificaci\u00f3n legal, puede recibir una\u00a0<strong>pena de hasta 12 a\u00f1os de c\u00e1rcel<\/strong>, por lo que se encuentra alojado en el<strong>\u00a0complejo penitenciario de San Felipe.<\/strong><\/p>\n\n\n\n<p>La pesquisa sostiene que&nbsp;<strong>las armas ten\u00edan como destino final el mercado negro ubicado en las localidades del sur de Chile<\/strong>, aunque para determinar ese punto en particular se abri\u00f3 una causa paralela en el pa\u00eds trasandino.<\/p>\n\n\n\n<p>A mediados de diciembre pasado,\u00a0<strong>la Fiscal\u00eda Federal logr\u00f3 la elevaci\u00f3n a juicio del expediente penal<\/strong>. Sin embargo, en los \u00faltimos d\u00edas,<strong>\u00a0la defensa del sospechoso solicit\u00f3 la excarcelaci\u00f3n o al menos la prisi\u00f3n domiciliaria, argumentando que se venci\u00f3 el plazo de dos a\u00f1os de la prisi\u00f3n preventiva. El pedido fue rechazado<\/strong>\u00a0por el juez Alejandro Pi\u00f1a y prorrog\u00f3 la detenci\u00f3n en el penal por un lapso de 6 meses o al menos hasta que termine el juicio en su contra.<\/p>\n\n\n\n<p><strong>Fuente: www.diariouno.com.ar<\/strong><\/p>\n","protected":false},"excerpt":{"rendered":"<p>En las pr\u00f3ximas semanas se llevar\u00e1 adelante un juicio en Mendoza por una causa de\u00a0contrabando, algo bastante cotidiano en esta provincia, pero con la particularidad de que la mercader\u00eda que intentaron cruzar hacia Chile era una importante cantidad de armas de fuego y de municiones. El \u00fanico sospechoso, un camionero, estar\u00e1 alojado en el penal [&hellip;]<\/p>\n","protected":false},"author":2,"featured_media":7252,"comment_status":"open","ping_status":"open","sticky":false,"template":"","format":"standard","meta":[],"categories":[48],"tags":[],"_links":{"self":[{"href":"https:\/\/pasaenmendoza.com\/index.php?rest_route=\/wp\/v2\/posts\/7251"}],"collection":[{"href":"https:\/\/pasaenmendoza.com\/index.php?rest_route=\/wp\/v2\/posts"}],"about":[{"href":"https:\/\/pasaenmendoza.com\/index.php?rest_route=\/wp\/v2\/types\/post"}],"author":[{"embeddable":true,"href":"https:\/\/pasaenmendoza.com\/index.php?rest_route=\/wp\/v2\/users\/2"}],"replies":[{"embeddable":true,"href":"https:\/\/pasaenmendoza.com\/index.php?rest_route=%2Fwp%2Fv2%2Fcomments&post=7251"}],"version-history":[{"count":1,"href":"https:\/\/pasaenmendoza.com\/index.php?rest_route=\/wp\/v2\/posts\/7251\/revisions"}],"predecessor-version":[{"id":7253,"href":"https:\/\/pasaenmendoza.com\/index.php?rest_route=\/wp\/v2\/posts\/7251\/revisions\/7253"}],"wp:featuredmedia":[{"embeddable":true,"href":"https:\/\/pasaenmendoza.com\/index.php?rest_route=\/wp\/v2\/media\/7252"}],"wp:attachment":[{"href":"https:\/\/pasaenmendoza.com\/index.php?rest_route=%2Fwp%2Fv2%2Fmedia&parent=7251"}],"wp:term":[{"taxonomy":"category","embeddable":true,"href":"https:\/\/pasaenmendoza.com\/index.php?rest_route=%2Fwp%2Fv2%2Fcategories&post=7251"},{"taxonomy":"post_tag","embeddable":true,"href":"https:\/\/pasaenmendoza.com\/index.php?rest_route=%2Fwp%2Fv2%2Ftags&post=7251"}],"curies":[{"name":"wp","href":"https:\/\/api.w.org\/{rel}","templated":true}]}}