{"id":7257,"date":"2024-05-03T20:33:13","date_gmt":"2024-05-03T18:33:13","guid":{"rendered":"https:\/\/pasaenmendoza.com\/?p=7257"},"modified":"2024-05-03T20:33:14","modified_gmt":"2024-05-03T18:33:14","slug":"se-agrava-el-paro-de-judiciales-y-no-habra-atencion-en-las-oficinas-hasta-el-proximo-jueves","status":"publish","type":"post","link":"https:\/\/pasaenmendoza.com\/?p=7257","title":{"rendered":"Se agrava el paro de judiciales y no habr\u00e1 atenci\u00f3n en las oficinas hasta el pr\u00f3ximo jueves"},"content":{"rendered":"\n<p>El paro del\u00a0<strong>sindicato de judiciales<\/strong>\u00a0sigue agravando su situaci\u00f3n y a la medida de fuerza\u00a0que hab\u00edan comenzado el domingo pasado los auxiliares, se les suman este s\u00e1bado los\u00a0<strong>ayudantes fiscales<\/strong>, por lo que no habr\u00e1 atenci\u00f3n en las oficinas hasta el jueves pr\u00f3ximo. La decisi\u00f3n se tom\u00f3 producto de la falta de acuerdo salarial con el Ejecutivo.<\/p>\n\n\n\n<p><em>\u201cEl paro de auxiliares comenz\u00f3 el domingo pasado. El martes tuvimos un paro general de todo el poder judicial. Este s\u00e1bado a la medida de fuerza de los auxiliares se van a sumar los ayudantes fiscales, por lo que no va a haber atenci\u00f3n en las oficinas. Nuestra medida en las oficinas llega hasta el lunes, pero martes y mi\u00e9rcoles hay un nuevo paro en todo el poder judicial\u201d<\/em>, asegur\u00f3 el secretario gremial de Judiciales, Ricardo Babillon.<\/p>\n\n\n\n<p><mark>En cuanto al porcentaje de acatamiento, desde el sindicato estimaron una adhesi\u00f3n de un 70% y esperan que llegue hasta el 90% durante la pr\u00f3xima semana.<\/mark><\/p>\n\n\n\n<p><em>\u201cCon el Gobierno hemos dialogado, pero estamos muy lejos de aceptar una propuesta. La medida de fuerza se va a extender lo que tenga que ser hasta que lleguemos a un acuerdo que nos sirva\u201d<\/em>, detall\u00f3 Babillon.<\/p>\n\n\n\n<p>En este sentido, pidieron a la ciudadan\u00eda que si debe hacer una denuncia lo haga de manera virtual, aunque luego deban ratificarla de forma presencial.<\/p>\n\n\n\n<p>El motivo de reclamo corre por dos v\u00edas: unas vinculadas a mejoras salariales concretas y acordes a la crisis y la otra que el plenario de la Corte resuelva el expediente denominado Cl\u00e1usula C, donde los funcionarios judiciales reclaman el reenganche de sus sueldos a los de los magistrados.<\/p>\n\n\n\n<p>FUENTE: Elsol.com.ar <\/p>\n","protected":false},"excerpt":{"rendered":"<p>El paro del\u00a0sindicato de judiciales\u00a0sigue agravando su situaci\u00f3n y a la medida de fuerza\u00a0que hab\u00edan comenzado el domingo pasado los auxiliares, se les suman este s\u00e1bado los\u00a0ayudantes fiscales, por lo que no habr\u00e1 atenci\u00f3n en las oficinas hasta el jueves pr\u00f3ximo. La decisi\u00f3n se tom\u00f3 producto de la falta de acuerdo salarial con el Ejecutivo. [&hellip;]<\/p>\n","protected":false},"author":2,"featured_media":7258,"comment_status":"open","ping_status":"open","sticky":true,"template":"","format":"standard","meta":[],"categories":[47],"tags":[],"_links":{"self":[{"href":"https:\/\/pasaenmendoza.com\/index.php?rest_route=\/wp\/v2\/posts\/7257"}],"collection":[{"href":"https:\/\/pasaenmendoza.com\/index.php?rest_route=\/wp\/v2\/posts"}],"about":[{"href":"https:\/\/pasaenmendoza.com\/index.php?rest_route=\/wp\/v2\/types\/post"}],"author":[{"embeddable":true,"href":"https:\/\/pasaenmendoza.com\/index.php?rest_route=\/wp\/v2\/users\/2"}],"replies":[{"embeddable":true,"href":"https:\/\/pasaenmendoza.com\/index.php?rest_route=%2Fwp%2Fv2%2Fcomments&post=7257"}],"version-history":[{"count":1,"href":"https:\/\/pasaenmendoza.com\/index.php?rest_route=\/wp\/v2\/posts\/7257\/revisions"}],"predecessor-version":[{"id":7259,"href":"https:\/\/pasaenmendoza.com\/index.php?rest_route=\/wp\/v2\/posts\/7257\/revisions\/7259"}],"wp:featuredmedia":[{"embeddable":true,"href":"https:\/\/pasaenmendoza.com\/index.php?rest_route=\/wp\/v2\/media\/7258"}],"wp:attachment":[{"href":"https:\/\/pasaenmendoza.com\/index.php?rest_route=%2Fwp%2Fv2%2Fmedia&parent=7257"}],"wp:term":[{"taxonomy":"category","embeddable":true,"href":"https:\/\/pasaenmendoza.com\/index.php?rest_route=%2Fwp%2Fv2%2Fcategories&post=7257"},{"taxonomy":"post_tag","embeddable":true,"href":"https:\/\/pasaenmendoza.com\/index.php?rest_route=%2Fwp%2Fv2%2Ftags&post=7257"}],"curies":[{"name":"wp","href":"https:\/\/api.w.org\/{rel}","templated":true}]}}