{"id":7263,"date":"2024-05-03T20:44:55","date_gmt":"2024-05-03T18:44:55","guid":{"rendered":"https:\/\/pasaenmendoza.com\/?p=7263"},"modified":"2024-05-03T20:44:57","modified_gmt":"2024-05-03T18:44:57","slug":"ulpiano-suarez-acelera-el-mega-shopping-del-centro-que-tendra-1-100-cocheras-subterraneas","status":"publish","type":"post","link":"https:\/\/pasaenmendoza.com\/?p=7263","title":{"rendered":"Ulpiano Suarez acelera el mega shopping del centro que tendr\u00e1 1.100 cocheras subterr\u00e1neas"},"content":{"rendered":"\n<p>El\u00a0<strong>intendente de Ciudad<\/strong>\u00a0acord\u00f3 con los inversores acelerar habilitaciones y tr\u00e1mites para abrir all\u00ed m\u00e1s de\u00a0<strong>70 locales comerciales<\/strong><\/p>\n\n\n\n<p>La obra privada, como la p\u00fablica, atraviesa tiempos dif\u00edciles. La frase de &#8220;no hay plata&#8221; impacta de lleno y la mayor\u00eda de los mega emprendimientos est\u00e1n paralizados por las enormes subas de los elementos de construcci\u00f3n. En medio de este contexto, el intendente de Ciudad,\u00a0Ulpiano Suarez, dispuso a su equipo para colaborar y acelerar el\u00a0<strong>mega shopping Patio Maristas<\/strong>, que desde hace 9 a\u00f1os se levanta en calle San Mart\u00edn, entre Alem y Don Bosco.<\/p>\n\n\n\n<p>El proyecto -que anticipa que tendr\u00e1\u00a0<strong>m\u00e1s de 70 locales comerciales<\/strong>\u00a0e incluir\u00e1\u00a0<strong>3 pisos<\/strong>\u00a0con m\u00e1s de\u00a0<strong>1.100 cocheras subterr\u00e1neas<\/strong>&#8211; se inici\u00f3 en el 2015, pero luego la macroeconom\u00eda le dio un rev\u00e9s y se\u00a0<strong>ralentiz\u00f3\u00a0<\/strong>notoriamente.<\/p>\n\n\n\n<p>Consciente de que darle continuidad a ese centro comercial no s\u00f3lo generar\u00eda empleo, sino que tambi\u00e9n servir\u00eda para<strong>&nbsp;descomprimir el colapsado tr\u00e1nsito citadino<\/strong>, que ya tiene atiborradas a las playas de estacionamiento, el intendente dio la orden de&nbsp;<strong>agilizar algunos tr\u00e1mites y habilitaciones<\/strong>&nbsp;que servir\u00edan para ir abriendo negocios y cocheras.<\/p>\n\n\n\n<p>El mismo intendente plasm\u00f3 el entusiasmo que le genera la obra y en su red de X asegur\u00f3 que ese mega centro comercial\u00a0<strong>podr\u00eda atraer inversiones<\/strong>.<\/p>\n\n\n\n<p>&#8220;Lo que estamos haciendo es acelerar algunos tr\u00e1mites que estaban inconclusos, y acelerar algunas habilitaciones de manera tal de que la empresa constructora pueda avanzar en etapas.\u00a0<strong>Sabemos que la obra no s\u00f3lo impacta en la zona en que est\u00e1, sino que colaborar\u00eda con un reordenamiento del tr\u00e1nsito<\/strong>&#8220;, coment\u00f3\u00a0<strong>Sebasti\u00e1n Fermani<\/strong>, Secretario de Ambiente y Desarrollo Urbano de Ciudad.<\/p>\n\n\n\n<h2 class=\"wp-block-heading\">Podr\u00eda volver Falabella<\/h2>\n\n\n\n<p>Seg\u00fan los datos de la obra que manejan en Ciudad, ese mega shopping de&nbsp;<strong>75.000 metros cuadrados<\/strong>&nbsp;tendr\u00e1 m\u00e1s de 70 locales comerciales, muchos ya acordados con marcas reconocidas. &#8220;Por lo que pudimos conocer est\u00e1n hablando con firmas reconocidas,&nbsp;<strong>entre ellas Falabella<\/strong>&#8220;, apuntaron desde Ciudad.<\/p>\n\n\n\n<p>La firma de origen chileno, que&nbsp;<strong>durante d\u00e9cadas tuvo su local en el shopping de Guaymall\u00e9n<\/strong>, se fue de Mendoza el 31 de marzo del 2021, y ahora podr\u00eda&nbsp;<strong>regresar<\/strong>.<\/p>\n\n\n\n<p>Es que en ese shopping se prev\u00e9 que puedan funcionar varios<strong>\u00a0comercios, patios de comidas y cines<\/strong>, seg\u00fan lo que adelant\u00f3 el mismo intendente.<\/p>\n\n\n\n<p>&#8220;La empresa\u00a0<strong>Corriente Palace<\/strong>\u00a0ya tiene habilitados varios locales del frente y otros est\u00e1n a poco de habilitarse. Las cocheras, por ejemplo,\u00a0<strong>ya tienen terminada la obra gruesa y est\u00e1n bastante avanzadas<\/strong>. La primera proyecci\u00f3n de la firma era concluir la obra en unos 4 a\u00f1os, pero ahora han conseguido financiamiento a tasa baja y pretenden retomar otro ritmo.\u00a0<strong>Nosotros vamos a acompa\u00f1ar con las habilitaciones que requiera<\/strong>&#8220;, confirm\u00f3 Fermani.<\/p>\n\n\n\n<p>FUENTE: Diariouno.com.ar <\/p>\n","protected":false},"excerpt":{"rendered":"<p>El\u00a0intendente de Ciudad\u00a0acord\u00f3 con los inversores acelerar habilitaciones y tr\u00e1mites para abrir all\u00ed m\u00e1s de\u00a070 locales comerciales La obra privada, como la p\u00fablica, atraviesa tiempos dif\u00edciles. La frase de &#8220;no hay plata&#8221; impacta de lleno y la mayor\u00eda de los mega emprendimientos est\u00e1n paralizados por las enormes subas de los elementos de construcci\u00f3n. En medio [&hellip;]<\/p>\n","protected":false},"author":2,"featured_media":7264,"comment_status":"open","ping_status":"open","sticky":true,"template":"","format":"standard","meta":[],"categories":[47],"tags":[],"_links":{"self":[{"href":"https:\/\/pasaenmendoza.com\/index.php?rest_route=\/wp\/v2\/posts\/7263"}],"collection":[{"href":"https:\/\/pasaenmendoza.com\/index.php?rest_route=\/wp\/v2\/posts"}],"about":[{"href":"https:\/\/pasaenmendoza.com\/index.php?rest_route=\/wp\/v2\/types\/post"}],"author":[{"embeddable":true,"href":"https:\/\/pasaenmendoza.com\/index.php?rest_route=\/wp\/v2\/users\/2"}],"replies":[{"embeddable":true,"href":"https:\/\/pasaenmendoza.com\/index.php?rest_route=%2Fwp%2Fv2%2Fcomments&post=7263"}],"version-history":[{"count":1,"href":"https:\/\/pasaenmendoza.com\/index.php?rest_route=\/wp\/v2\/posts\/7263\/revisions"}],"predecessor-version":[{"id":7265,"href":"https:\/\/pasaenmendoza.com\/index.php?rest_route=\/wp\/v2\/posts\/7263\/revisions\/7265"}],"wp:featuredmedia":[{"embeddable":true,"href":"https:\/\/pasaenmendoza.com\/index.php?rest_route=\/wp\/v2\/media\/7264"}],"wp:attachment":[{"href":"https:\/\/pasaenmendoza.com\/index.php?rest_route=%2Fwp%2Fv2%2Fmedia&parent=7263"}],"wp:term":[{"taxonomy":"category","embeddable":true,"href":"https:\/\/pasaenmendoza.com\/index.php?rest_route=%2Fwp%2Fv2%2Fcategories&post=7263"},{"taxonomy":"post_tag","embeddable":true,"href":"https:\/\/pasaenmendoza.com\/index.php?rest_route=%2Fwp%2Fv2%2Ftags&post=7263"}],"curies":[{"name":"wp","href":"https:\/\/api.w.org\/{rel}","templated":true}]}}