{"id":7266,"date":"2024-05-03T22:58:18","date_gmt":"2024-05-03T20:58:18","guid":{"rendered":"https:\/\/pasaenmendoza.com\/?p=7266"},"modified":"2024-05-03T23:04:30","modified_gmt":"2024-05-03T21:04:30","slug":"prepagas-la-justicia-ordeno-devolver-el-dinero-que-se-cobro-de-mas-y-limitar-las-subas-a-la-inflacion","status":"publish","type":"post","link":"https:\/\/pasaenmendoza.com\/?p=7266","title":{"rendered":"Prepagas: la Justicia orden\u00f3 devolver el dinero que se cobr\u00f3 de m\u00e1s y limitar las subas a la inflaci\u00f3n"},"content":{"rendered":"\n<p>La justicia le dio luz verde a la cautelar que hab\u00eda impulsado el&nbsp;<strong>Ministerio de Salud<\/strong>, a trav\u00e9s de la&nbsp;<strong>Superintendencia de Servicios de Salud<\/strong>&nbsp;y orden\u00f3 a las prepagas que limiten los aumentos a la evoluci\u00f3n del&nbsp;<strong>IPC<\/strong>.<\/p>\n\n\n\n<p>El Juzgado Civil y Comercial Federal N\u00ba3 a cargo del juez Juan Rafael Stinco acept\u00f3 el pedido de la&nbsp;<strong>Superintendencia<\/strong>&nbsp;y dej\u00f3 sin efecto los aumentos desde el 1\/12\/2023 en adelante.<\/p>\n\n\n\n<p>Adem\u00e1s les orden\u00f3 a las&nbsp;<strong>empresas de medicina prepaga<\/strong>&nbsp;retrotraer los valores de cuota a 1\/12\/2023, y aplicar los aumentos &nbsp;seg\u00fan el&nbsp;<strong>\u00edndice de inflaci\u00f3n<\/strong>.&nbsp;<\/p>\n\n\n\n<p>Adem\u00e1s, el magistrado orden\u00f3 que&nbsp;lo pagado en exceso quede como&nbsp;<strong>cr\u00e9dito a favor&nbsp;<\/strong>de los usuarios&nbsp;para lo que&nbsp;les fij\u00f3 a las&nbsp;<strong>prepagas&nbsp;<\/strong>un plazo de cinco d\u00edas para que &nbsp;presenten un plan donde digan c\u00f3mo le van a devolver lo cobrado de m\u00e1s a la gente.<\/p>\n\n\n\n<p>El impacto de la medida alcanza a un universo de 23 empresas que estaban en la cautelar de la&nbsp;<strong>Superintendencia<\/strong>, las cuales representan el 95% de los usuarios de entidad de&nbsp;<strong>medicina prepaga<\/strong>.<\/p>\n\n\n\n<h2 class=\"wp-block-heading\">El Gobierno difundi\u00f3 c\u00f3mo se deber\u00e1n ajustar las cuotas de las prepagas<\/h2>\n\n\n\n<p>El Gobierno detall\u00f3 c\u00f3mo se deber\u00e1n&nbsp;ajustar las cuotas de la<strong>&nbsp;medicina privada<\/strong>: el valor de cuota de referencia para la aplicaci\u00f3n de los aumentos m\u00e1ximos ser\u00e1 el correspondiente a la cuota de&nbsp;diciembre de 2023, independientemente de su fecha de pago o facturaci\u00f3n.<\/p>\n\n\n\n<p>Estos valores no podr\u00e1n superar la cuota del&nbsp;<strong>plan de salud m\u00e9dico asistencial<\/strong>&nbsp;del mes de diciembre de 2023 multiplicada por&nbsp;(1 + la variaci\u00f3n porcentual entre el \u00cdndice de Precios al Consumidor&nbsp;nivel general con cobertura nacional elaborado por el&nbsp;<strong>Indec<\/strong>&nbsp;vigente al momento de la facturaci\u00f3n correspondiente, y el mismo \u00cdndice correspondiente a diciembre de 2023), indic\u00f3 la&nbsp;<strong>Secretar\u00eda de Comercio<\/strong>.<\/p>\n\n\n\n<p>De esta manera, para calcular el valor m\u00e1ximo de la cuota actual (dependiendo el caso podr\u00eda ser de abril o de mayo), se deber\u00e1 aplicar un ajuste, c\u00f3mo m\u00e1ximo del&nbsp;93,3% para la cuota de abril&nbsp;(es decir la inflaci\u00f3n acumulada entre los meses de noviembre a febrero).&nbsp;<\/p>\n\n\n\n<p>Mientras que para la cuota de mayo&nbsp;se deber\u00e1 aplicar como m\u00e1ximo un ajuste del 114,6%&nbsp;(es decir, la inflaci\u00f3n acumulada en los meses de noviembre a marzo).<\/p>\n\n\n\n<p>Por ejemplo, si la cuota es de abril, se deber\u00e1 multiplicar el valor de la cuota de diciembre por 1,933 (si la misma se factur\u00f3 despu\u00e9s del 17 abril). Si la cuota es de mayo se deber\u00e1 multiplicar el valor de la cuota de diciembre por 2,146.<\/p>\n\n\n\n<p><strong>Fuente: www.mdzol.com<\/strong><\/p>\n","protected":false},"excerpt":{"rendered":"<p>La justicia le dio luz verde a la cautelar que hab\u00eda impulsado el&nbsp;Ministerio de Salud, a trav\u00e9s de la&nbsp;Superintendencia de Servicios de Salud&nbsp;y orden\u00f3 a las prepagas que limiten los aumentos a la evoluci\u00f3n del&nbsp;IPC. El Juzgado Civil y Comercial Federal N\u00ba3 a cargo del juez Juan Rafael Stinco acept\u00f3 el pedido de la&nbsp;Superintendencia&nbsp;y dej\u00f3 [&hellip;]<\/p>\n","protected":false},"author":2,"featured_media":7267,"comment_status":"open","ping_status":"open","sticky":false,"template":"","format":"standard","meta":[],"categories":[58],"tags":[],"_links":{"self":[{"href":"https:\/\/pasaenmendoza.com\/index.php?rest_route=\/wp\/v2\/posts\/7266"}],"collection":[{"href":"https:\/\/pasaenmendoza.com\/index.php?rest_route=\/wp\/v2\/posts"}],"about":[{"href":"https:\/\/pasaenmendoza.com\/index.php?rest_route=\/wp\/v2\/types\/post"}],"author":[{"embeddable":true,"href":"https:\/\/pasaenmendoza.com\/index.php?rest_route=\/wp\/v2\/users\/2"}],"replies":[{"embeddable":true,"href":"https:\/\/pasaenmendoza.com\/index.php?rest_route=%2Fwp%2Fv2%2Fcomments&post=7266"}],"version-history":[{"count":2,"href":"https:\/\/pasaenmendoza.com\/index.php?rest_route=\/wp\/v2\/posts\/7266\/revisions"}],"predecessor-version":[{"id":7272,"href":"https:\/\/pasaenmendoza.com\/index.php?rest_route=\/wp\/v2\/posts\/7266\/revisions\/7272"}],"wp:featuredmedia":[{"embeddable":true,"href":"https:\/\/pasaenmendoza.com\/index.php?rest_route=\/wp\/v2\/media\/7267"}],"wp:attachment":[{"href":"https:\/\/pasaenmendoza.com\/index.php?rest_route=%2Fwp%2Fv2%2Fmedia&parent=7266"}],"wp:term":[{"taxonomy":"category","embeddable":true,"href":"https:\/\/pasaenmendoza.com\/index.php?rest_route=%2Fwp%2Fv2%2Fcategories&post=7266"},{"taxonomy":"post_tag","embeddable":true,"href":"https:\/\/pasaenmendoza.com\/index.php?rest_route=%2Fwp%2Fv2%2Ftags&post=7266"}],"curies":[{"name":"wp","href":"https:\/\/api.w.org\/{rel}","templated":true}]}}