{"id":7269,"date":"2024-05-03T23:01:38","date_gmt":"2024-05-03T21:01:38","guid":{"rendered":"https:\/\/pasaenmendoza.com\/?p=7269"},"modified":"2024-05-03T23:01:39","modified_gmt":"2024-05-03T21:01:39","slug":"estos-son-los-tramites-que-ya-no-tendras-que-hacer-a-la-hora-de-comprar-un-auto","status":"publish","type":"post","link":"https:\/\/pasaenmendoza.com\/?p=7269","title":{"rendered":"Estos son los tr\u00e1mites que ya no tendr\u00e1s que hacer a la hora de comprar un auto"},"content":{"rendered":"\n<p>El Gobierno de\u00a0<strong>Javier Milei<\/strong>,\u00a0a trav\u00e9s del Ministerio de Justicia, dispuso este viernes la eliminaci\u00f3n del 40% de los Registros Automotores repartidos en todo el pa\u00eds. Pero, adem\u00e1s, anunci\u00f3 la eliminaci\u00f3n de la obligatoriedad de documentos, como la c\u00e9dula azul, que hay que llevar en el auto.<\/p>\n\n\n\n<p>En la comunicaci\u00f3n de la cartera que encabeza\u00a0<strong>Mariano C\u00faneo Libarona<\/strong>,\u00a0se anunci\u00f3 tambi\u00e9n el cambio en los montos a informar por las transferencias de los veh\u00edculos. Adem\u00e1s,\u00a0propondr\u00e1 a las provincias la adhesi\u00f3n al convenio de baja de impuestos de sellos y patentes, para reducir el costo de las operaciones registrales, que asciende hasta el 70% del costo total de una transferencia.<\/p>\n\n\n\n<h2 class=\"wp-block-heading\">Cambios para el comprador, vendedor y titulares de veh\u00edculos&nbsp;<\/h2>\n\n\n\n<ul>\n<li>Se elimin\u00f3 el Certificado de Transferencia Automotor (CETA) que obligaba al ciudadano a reportar la venta de su veh\u00edculo a la AFIP.<\/li>\n\n\n\n<li>Se eliminar\u00e1 la &#8220;C\u00e9dula azul&#8221;: a partir de mayo, cualquier persona podr\u00e1 circular dentro del territorio de la Rep\u00fablica Argentina con la sola exhibici\u00f3n -f\u00edsica o digital- de la c\u00e9dula verde del titular del autom\u00f3vil.<\/li>\n\n\n\n<li>Se digitalizar\u00e1 la verificaci\u00f3n policial de veh\u00edculos, en una agenda conjunta con las autoridades provinciales y las fuerzas federales.<\/li>\n\n\n\n<li>Se aumentar\u00e1 significativamente el importe que obliga al ciudadano a informar al Estado el origen de los fondos para adquirir un veh\u00edculo.<\/li>\n\n\n\n<li>Se eliminar\u00e1 el vencimiento de todas las &#8220;C\u00e9dulas verdes&#8221;.<\/li>\n\n\n\n<li>Se propondr\u00e1 a las provincias la adhesi\u00f3n al convenio de baja de impuestos de sellos y patentes provinciales, para reducir el costo de las operaciones registrales, que asciende hasta el 70% del costo total de una transferencia.<\/li>\n<\/ul>\n\n\n\n<h2 class=\"wp-block-heading\">Las modificaciones dispuestas por el Gobierno que afectan a los registros<\/h2>\n\n\n\n<ul>\n<li>Se cerrar\u00e1 el 40% de los Registros Automotores, comenzando por aquellos que llevan intervenidos m\u00e1s de dos a\u00f1os, y luego se proceder\u00e1 con el cierre de los restantes intervenidos.<\/li>\n\n\n\n<li>Se reducir\u00e1 el 30% del personal de la Direcci\u00f3n de Registros Automotor, en el marco de un plan de retiros voluntarios y jubilaciones anticipadas.<\/li>\n\n\n\n<li>Los titulares de los registros seccionales se har\u00e1n cargo del 100% de sus costos operativos, adecuando su ingreso a la tarea efectivamente desempe\u00f1ada y su productividad. El Ministerio de Justicia podr\u00e1 controlar, en todo momento, la estructura de costos de los Encargados de Registros.<\/li>\n\n\n\n<li>Se digitalizar\u00e1n la totalidad de los legajos de los veh\u00edculos, en todos sus tipos, para constituir un registro digital \u00fanico y completo, permitiendo la eliminaci\u00f3n de los legajos f\u00edsicos.<\/li>\n\n\n\n<li>Se implementar\u00e1 un R\u00e9gimen de Concursos transparentes para impedir la contrataci\u00f3n de personas que hayan tenido cargos pol\u00edticos durante los \u00faltimos 10 a\u00f1os, sus familiares y aquellas personas que no acrediten los requisitos de idoneidad y experiencia en la actividad privada para cumplir tal funci\u00f3n.<\/li>\n\n\n\n<li>Se auditar\u00e1 el sistema de fiscalizaci\u00f3n de los registros seccionales por la Subsecretar\u00eda de Asuntos Registrales.<\/li>\n\n\n\n<li>Se deroga el r\u00e9gimen que impone el monopolio de la Casa de la Moneda en la compra de insumos. Ello permitir\u00e1 la libre competencia de oferentes, lo que se traducir\u00e1 en una mejora de precios.<\/li>\n<\/ul>\n\n\n\n<p><strong>Fuente: www.mdzol.com<\/strong><\/p>\n","protected":false},"excerpt":{"rendered":"<p>El Gobierno de\u00a0Javier Milei,\u00a0a trav\u00e9s del Ministerio de Justicia, dispuso este viernes la eliminaci\u00f3n del 40% de los Registros Automotores repartidos en todo el pa\u00eds. Pero, adem\u00e1s, anunci\u00f3 la eliminaci\u00f3n de la obligatoriedad de documentos, como la c\u00e9dula azul, que hay que llevar en el auto. En la comunicaci\u00f3n de la cartera que encabeza\u00a0Mariano C\u00faneo [&hellip;]<\/p>\n","protected":false},"author":2,"featured_media":7270,"comment_status":"open","ping_status":"open","sticky":false,"template":"","format":"standard","meta":[],"categories":[50],"tags":[],"_links":{"self":[{"href":"https:\/\/pasaenmendoza.com\/index.php?rest_route=\/wp\/v2\/posts\/7269"}],"collection":[{"href":"https:\/\/pasaenmendoza.com\/index.php?rest_route=\/wp\/v2\/posts"}],"about":[{"href":"https:\/\/pasaenmendoza.com\/index.php?rest_route=\/wp\/v2\/types\/post"}],"author":[{"embeddable":true,"href":"https:\/\/pasaenmendoza.com\/index.php?rest_route=\/wp\/v2\/users\/2"}],"replies":[{"embeddable":true,"href":"https:\/\/pasaenmendoza.com\/index.php?rest_route=%2Fwp%2Fv2%2Fcomments&post=7269"}],"version-history":[{"count":1,"href":"https:\/\/pasaenmendoza.com\/index.php?rest_route=\/wp\/v2\/posts\/7269\/revisions"}],"predecessor-version":[{"id":7271,"href":"https:\/\/pasaenmendoza.com\/index.php?rest_route=\/wp\/v2\/posts\/7269\/revisions\/7271"}],"wp:featuredmedia":[{"embeddable":true,"href":"https:\/\/pasaenmendoza.com\/index.php?rest_route=\/wp\/v2\/media\/7270"}],"wp:attachment":[{"href":"https:\/\/pasaenmendoza.com\/index.php?rest_route=%2Fwp%2Fv2%2Fmedia&parent=7269"}],"wp:term":[{"taxonomy":"category","embeddable":true,"href":"https:\/\/pasaenmendoza.com\/index.php?rest_route=%2Fwp%2Fv2%2Fcategories&post=7269"},{"taxonomy":"post_tag","embeddable":true,"href":"https:\/\/pasaenmendoza.com\/index.php?rest_route=%2Fwp%2Fv2%2Ftags&post=7269"}],"curies":[{"name":"wp","href":"https:\/\/api.w.org\/{rel}","templated":true}]}}