{"id":7276,"date":"2024-05-03T23:10:18","date_gmt":"2024-05-03T21:10:18","guid":{"rendered":"https:\/\/pasaenmendoza.com\/?p=7276"},"modified":"2024-05-03T23:10:20","modified_gmt":"2024-05-03T21:10:20","slug":"becas-progresar-extendieron-la-inscripcion-para-solicitar-20-000-por-mes","status":"publish","type":"post","link":"https:\/\/pasaenmendoza.com\/?p=7276","title":{"rendered":"Becas Progresar: extendieron la inscripci\u00f3n para solicitar $20.000 por mes"},"content":{"rendered":"\n<p>El Gobierno de&nbsp;<strong>Javier Milei<\/strong>, a trav\u00e9s de la<strong>&nbsp;Secretar\u00eda de Educaci\u00f3n<\/strong>, que depende del&nbsp;<strong>Ministerio de Capital Humano<\/strong>, extendi\u00f3 el per\u00edodo de inscripci\u00f3n para las becas Progresar.<\/p>\n\n\n\n<p>As\u00ed fue informado este viernes en la Resoluci\u00f3n 146, publicada en el Bolet\u00edn Oficial.<\/p>\n\n\n\n<p>El programa de becas Progresar est\u00e1 dirigido a j\u00f3venes de 16 a 24 a\u00f1os y contempla poblaciones priorizadas para las cuales var\u00edan los requisitos de edad que reciben $20.000 por mes con el objetivo de aliviar las cargas econ\u00f3micas de los estudiantes y permitirles concentrarse en sus estudios.<\/p>\n\n\n\n<p>Cuenta con<strong>&nbsp;cuatro l\u00edneas<\/strong>&nbsp;de becas:<\/p>\n\n\n\n<ul>\n<li>Progresar Obligatorio: promueve la finalizaci\u00f3n de la educaci\u00f3n obligatoria, e incluye una subl\u00ednea pensada para j\u00f3venes de 16 y 17 a\u00f1os.<\/li>\n\n\n\n<li>Progresar Superior: acompa\u00f1a a estudiantes de institutos superiores y universidades.<\/li>\n\n\n\n<li>Progresar Trabajo: se orienta a cursos de formaci\u00f3n profesional.<\/li>\n\n\n\n<li>Progresar Enfermer\u00eda: corresponde a quienes cursen la carrera de enfermer\u00eda en universidades y terciarios.<\/li>\n<\/ul>\n\n\n\n<h2 class=\"wp-block-heading\" id=\"h-hasta-cuando-hay-tiempo-de-inscribirse\">Hasta cu\u00e1ndo hay tiempo de inscribirse<\/h2>\n\n\n\n<ul>\n<li>\u201c<strong>Finalizaci\u00f3n de la educaci\u00f3n obligatoria<\/strong>\u201d: 17 de mayo de 2024<\/li>\n\n\n\n<li>\u201c<strong>Fomento de la educaci\u00f3n superior<\/strong>\u201d: 17 de mayo de 2024<\/li>\n\n\n\n<li>\u201c<strong>Progresar Enfermer\u00eda<\/strong>\u201d: 17 de mayo de 2024<\/li>\n\n\n\n<li>\u201c<strong>Progresar Trabajo<\/strong>\u201d: 30 de noviembre de 2024<\/li>\n<\/ul>\n\n\n\n<h2 class=\"wp-block-heading\" id=\"h-como-inscribirse\">C\u00f3mo inscribirse<\/h2>\n\n\n\n<p>La inscripci\u00f3n se debe realizar a trav\u00e9s del\u00a0<strong>sitio web oficial de Progresar<\/strong>.<\/p>\n\n\n\n<h2 class=\"wp-block-heading\" id=\"h-requisitos-para-acceder-a-las-becas-progresar\">Requisitos para acceder a las becas Progresar<\/h2>\n\n\n\n<p><strong>Progresar Obligatorio (finalizaci\u00f3n de la escuela primaria y secundaria)<\/strong><\/p>\n\n\n\n<ul>\n<li>Ser argentino, nativo o naturalizado, o extranjero, con residencia legal de 2 a\u00f1os en el pa\u00eds y contar DNI.<\/li>\n\n\n\n<li>Tener entre 16 y 24 a\u00f1os de edad cumplidos al momento del cierre de la convocatoria.<\/li>\n\n\n\n<li>La suma de los ingresos del estudiante y su grupo familiar no debe ser superior a 3 Salarios M\u00ednimos, Vitales y M\u00f3viles (SMVM), excepto que los j\u00f3venes solicitantes sean titulares de una pensi\u00f3n no contributiva por invalidez otorgada en el marco del art\u00edculo 9 de la Ley 13478.<\/li>\n\n\n\n<li>Cumplir con la condici\u00f3n de alumno regular.<\/li>\n\n\n\n<li>Participar en actividades complementarias determinadas por el programa.<\/li>\n\n\n\n<li>Cumplir con las condiciones acad\u00e9micas establecidas en el Reglamento Progresar.<\/li>\n\n\n\n<li>Contar con el esquema de vacunaci\u00f3n completo o en curso seg\u00fan grupo de edad.<\/li>\n<\/ul>\n\n\n\n<p><strong>Progresar Superior (carreras terciarias, universitarias y Progresar Enfermer\u00eda)<\/strong><\/p>\n\n\n\n<ul>\n<li>Ser argentino nativo o naturalizado, o extranjeros con residencia legal de al menos 5 a\u00f1os en el pa\u00eds, con DNI.<\/li>\n\n\n\n<li>Estudiantes ingresantes: entre 17 y 24 a\u00f1os de edad.<\/li>\n\n\n\n<li>Estudiantes avanzados: hasta 30 a\u00f1os.<\/li>\n\n\n\n<li>Estudiantes de enfermer\u00eda: sin l\u00edmite de edad.<\/li>\n\n\n\n<li>La suma de los ingresos del estudiante y los de su grupo familiar no debe ser superior a 3 Salarios M\u00ednimos, Vitales y M\u00f3viles (SMVM), excepto que los j\u00f3venes solicitantes sean titulares de una pensi\u00f3n no contributiva por invalidez otorgada en el marco del art\u00edculo 9 de la Ley 13478.<\/li>\n\n\n\n<li>Ser egresado del nivel medio y no adeudar materias al momento de la inscripci\u00f3n.<\/li>\n\n\n\n<li>Ingresar o estar cursando estudios en Universidades nacionales o provinciales, Institutos universitarios nacionales o Institutos de educaci\u00f3n t\u00e9cnica superior, Institutos de formaci\u00f3n t\u00e9cnica y de formaci\u00f3n docente de gesti\u00f3n estatal. Existen excepciones para instituciones de gesti\u00f3n privada y estudiantes de enfermer\u00eda contempladas en el Reglamento Progresar.<\/li>\n\n\n\n<li>Cumplir con las condiciones acad\u00e9micas establecidas en el Reglamento Progresar.<\/li>\n\n\n\n<li>Contar con esquema de vacunaci\u00f3n completo o en curso seg\u00fan grupo de edad.<\/li>\n\n\n\n<li>Participar en las actividades complementarias que el programa determine.<\/li>\n<\/ul>\n\n\n\n<p><strong>Progresar Trabajo (cursos de formaci\u00f3n profesional)<\/strong><\/p>\n\n\n\n<ul>\n<li>Ser argentino nativo o naturalizado, o extranjero con residencia legal de 2 a\u00f1os en el pa\u00eds y contar con DNI.<\/li>\n\n\n\n<li>Tener entre 18 y 24 a\u00f1os cumplidos.<\/li>\n\n\n\n<li>Se extiende hasta 40 a\u00f1os para personas que no poseen trabajo formal registrado.<\/li>\n\n\n\n<li>La suma de los ingresos del postulante no debe ser superior a tres (3) Salarios M\u00ednimos, Vitales y M\u00f3viles (SMVM).<\/li>\n<\/ul>\n\n\n\n<p><strong>Fuente: www.elsol.com.ar<\/strong><\/p>\n","protected":false},"excerpt":{"rendered":"<p>El Gobierno de&nbsp;Javier Milei, a trav\u00e9s de la&nbsp;Secretar\u00eda de Educaci\u00f3n, que depende del&nbsp;Ministerio de Capital Humano, extendi\u00f3 el per\u00edodo de inscripci\u00f3n para las becas Progresar. As\u00ed fue informado este viernes en la Resoluci\u00f3n 146, publicada en el Bolet\u00edn Oficial. El programa de becas Progresar est\u00e1 dirigido a j\u00f3venes de 16 a 24 a\u00f1os y contempla [&hellip;]<\/p>\n","protected":false},"author":2,"featured_media":7277,"comment_status":"open","ping_status":"open","sticky":false,"template":"","format":"standard","meta":[],"categories":[50],"tags":[],"_links":{"self":[{"href":"https:\/\/pasaenmendoza.com\/index.php?rest_route=\/wp\/v2\/posts\/7276"}],"collection":[{"href":"https:\/\/pasaenmendoza.com\/index.php?rest_route=\/wp\/v2\/posts"}],"about":[{"href":"https:\/\/pasaenmendoza.com\/index.php?rest_route=\/wp\/v2\/types\/post"}],"author":[{"embeddable":true,"href":"https:\/\/pasaenmendoza.com\/index.php?rest_route=\/wp\/v2\/users\/2"}],"replies":[{"embeddable":true,"href":"https:\/\/pasaenmendoza.com\/index.php?rest_route=%2Fwp%2Fv2%2Fcomments&post=7276"}],"version-history":[{"count":1,"href":"https:\/\/pasaenmendoza.com\/index.php?rest_route=\/wp\/v2\/posts\/7276\/revisions"}],"predecessor-version":[{"id":7278,"href":"https:\/\/pasaenmendoza.com\/index.php?rest_route=\/wp\/v2\/posts\/7276\/revisions\/7278"}],"wp:featuredmedia":[{"embeddable":true,"href":"https:\/\/pasaenmendoza.com\/index.php?rest_route=\/wp\/v2\/media\/7277"}],"wp:attachment":[{"href":"https:\/\/pasaenmendoza.com\/index.php?rest_route=%2Fwp%2Fv2%2Fmedia&parent=7276"}],"wp:term":[{"taxonomy":"category","embeddable":true,"href":"https:\/\/pasaenmendoza.com\/index.php?rest_route=%2Fwp%2Fv2%2Fcategories&post=7276"},{"taxonomy":"post_tag","embeddable":true,"href":"https:\/\/pasaenmendoza.com\/index.php?rest_route=%2Fwp%2Fv2%2Ftags&post=7276"}],"curies":[{"name":"wp","href":"https:\/\/api.w.org\/{rel}","templated":true}]}}