{"id":7279,"date":"2024-05-06T15:38:32","date_gmt":"2024-05-06T13:38:32","guid":{"rendered":"https:\/\/pasaenmendoza.com\/?p=7279"},"modified":"2024-05-06T15:38:33","modified_gmt":"2024-05-06T13:38:33","slug":"lunes-con-alerta-de-zonda-en-varios-departamentos-de-mendoza","status":"publish","type":"post","link":"https:\/\/pasaenmendoza.com\/?p=7279","title":{"rendered":"Lunes con alerta de Zonda en varios departamentos de Mendoza"},"content":{"rendered":"\n<p><strong>Este lunes comienza la semana con una jornada c\u00e1lida con alerta por viento Zonda en Precordillera.&nbsp;<\/strong>El resto de la semana no tendremos d\u00edas demasiado fr\u00edos.&nbsp;<\/p>\n\n\n\n<p>Seg\u00fan el&nbsp;<strong>Servicio Meteorol\u00f3gico Nacional (SMN)<\/strong>, en el Gran Mendoza, la temperatura&nbsp;<strong>m\u00e1xima llegar\u00e1 hoy a los 17\u00b0<\/strong>. El cielo est\u00e1 parcialmente nublado.<\/p>\n\n\n\n<p>Hay\u00a0<strong>alerta amarilla por viento Zonda\u00a0<\/strong>para las zonas altas y Precordillera, desde el Sur hasta el Norte de la provincia. Por el momento no se prev\u00e9 que llegue al llano.<\/p>\n\n\n\n<p>Para ma\u00f1ana martes se espera leve ascenso de temperatura con m\u00e1xima de&nbsp;19<strong>\u00b0&nbsp;<\/strong>y cielo parcialmente nublado.<\/p>\n\n\n\n<p>El resto de la semana permanecer\u00e1 con cielo parcialmente nublado a despejado.\u00a0<\/p>\n\n\n\n<p><strong>Fuente: www.mendozapost.com<\/strong><\/p>\n","protected":false},"excerpt":{"rendered":"<p>Este lunes comienza la semana con una jornada c\u00e1lida con alerta por viento Zonda en Precordillera.&nbsp;El resto de la semana no tendremos d\u00edas demasiado fr\u00edos.&nbsp; Seg\u00fan el&nbsp;Servicio Meteorol\u00f3gico Nacional (SMN), en el Gran Mendoza, la temperatura&nbsp;m\u00e1xima llegar\u00e1 hoy a los 17\u00b0. El cielo est\u00e1 parcialmente nublado. Hay\u00a0alerta amarilla por viento Zonda\u00a0para las zonas altas y [&hellip;]<\/p>\n","protected":false},"author":2,"featured_media":7280,"comment_status":"open","ping_status":"open","sticky":false,"template":"","format":"standard","meta":[],"categories":[52],"tags":[],"_links":{"self":[{"href":"https:\/\/pasaenmendoza.com\/index.php?rest_route=\/wp\/v2\/posts\/7279"}],"collection":[{"href":"https:\/\/pasaenmendoza.com\/index.php?rest_route=\/wp\/v2\/posts"}],"about":[{"href":"https:\/\/pasaenmendoza.com\/index.php?rest_route=\/wp\/v2\/types\/post"}],"author":[{"embeddable":true,"href":"https:\/\/pasaenmendoza.com\/index.php?rest_route=\/wp\/v2\/users\/2"}],"replies":[{"embeddable":true,"href":"https:\/\/pasaenmendoza.com\/index.php?rest_route=%2Fwp%2Fv2%2Fcomments&post=7279"}],"version-history":[{"count":1,"href":"https:\/\/pasaenmendoza.com\/index.php?rest_route=\/wp\/v2\/posts\/7279\/revisions"}],"predecessor-version":[{"id":7281,"href":"https:\/\/pasaenmendoza.com\/index.php?rest_route=\/wp\/v2\/posts\/7279\/revisions\/7281"}],"wp:featuredmedia":[{"embeddable":true,"href":"https:\/\/pasaenmendoza.com\/index.php?rest_route=\/wp\/v2\/media\/7280"}],"wp:attachment":[{"href":"https:\/\/pasaenmendoza.com\/index.php?rest_route=%2Fwp%2Fv2%2Fmedia&parent=7279"}],"wp:term":[{"taxonomy":"category","embeddable":true,"href":"https:\/\/pasaenmendoza.com\/index.php?rest_route=%2Fwp%2Fv2%2Fcategories&post=7279"},{"taxonomy":"post_tag","embeddable":true,"href":"https:\/\/pasaenmendoza.com\/index.php?rest_route=%2Fwp%2Fv2%2Ftags&post=7279"}],"curies":[{"name":"wp","href":"https:\/\/api.w.org\/{rel}","templated":true}]}}