{"id":728,"date":"2023-08-16T14:08:37","date_gmt":"2023-08-16T12:08:37","guid":{"rendered":"https:\/\/pasaenmendoza.com\/?p=728"},"modified":"2023-08-16T14:09:15","modified_gmt":"2023-08-16T12:09:15","slug":"momento-incomodo-en-el-debate-del-cuc-el-cruce-de-de-marchi-con-un-docente","status":"publish","type":"post","link":"https:\/\/pasaenmendoza.com\/?p=728","title":{"rendered":"Momento inc\u00f3modo en el debate del CUC: el cruce de De Marchi con un docente"},"content":{"rendered":"\n<p> El candidato de La Uni\u00f3n Mendocina tuvo un fuerte cruce de palabras con un docente que estaba presente en el debate.<\/p>\n\n\n\n<p>Este martes se realiz\u00f3 un debate entre candidatos a la Gobernaci\u00f3n en el Colegio Universitario Central (CUC) de Mendoza y en el encuentro se vivi\u00f3 un tenso momento entre un docente y el candidato de La Uni\u00f3n Mendocina Omar De Marchi.<\/p>\n\n\n\n<p><strong>En medio de las rondas de preguntas y hablando de los empleados p\u00fablicos y la visi\u00f3n que tiene el legislador nacional sobre su trabajo, una persona le se\u00f1al\u00f3 que no todos los empleados p\u00fablicos son vagos.<\/strong><\/p>\n\n\n\n<p>En ese momento se produjo un tenso momento y cruce de palabras con un tono bastante confrontacional por parte de De Marchi, quien lo cuestion\u00f3 y la pregunt\u00f3 d\u00f3nde trabajaba.<\/p>\n\n\n\n<p>La persona apuntada le respondi\u00f3 que era docente del CUC. Ante eso el candidato a gobernador le dijo:&nbsp;<strong>&#8220;M\u00e1s que empleado p\u00fablico sos docente&#8221;<\/strong>. De esa forma el candidato desconoci\u00f3 a los docentes como empleados estatales.<\/p>\n\n\n\n<p><strong>Adem\u00e1s, lo critic\u00f3 asegurando que hay muchos docentes que con los impuestos de todos &#8220;tienen los suelditos depositados y no se calientan y el Estado no funciona&#8221;.<\/strong><\/p>\n\n\n\n<p><strong><em>FUENTE:<\/em><\/strong> Memo.com.ar<\/p>\n\n\n\n<p><\/p>\n","protected":false},"excerpt":{"rendered":"<p>El candidato de La Uni\u00f3n Mendocina tuvo un fuerte cruce de palabras con un docente que estaba presente en el debate. Este martes se realiz\u00f3 un debate entre candidatos a la Gobernaci\u00f3n en el Colegio Universitario Central (CUC) de Mendoza y en el encuentro se vivi\u00f3 un tenso momento entre un docente y el candidato [&hellip;]<\/p>\n","protected":false},"author":2,"featured_media":729,"comment_status":"open","ping_status":"open","sticky":true,"template":"","format":"standard","meta":[],"categories":[47],"tags":[],"_links":{"self":[{"href":"https:\/\/pasaenmendoza.com\/index.php?rest_route=\/wp\/v2\/posts\/728"}],"collection":[{"href":"https:\/\/pasaenmendoza.com\/index.php?rest_route=\/wp\/v2\/posts"}],"about":[{"href":"https:\/\/pasaenmendoza.com\/index.php?rest_route=\/wp\/v2\/types\/post"}],"author":[{"embeddable":true,"href":"https:\/\/pasaenmendoza.com\/index.php?rest_route=\/wp\/v2\/users\/2"}],"replies":[{"embeddable":true,"href":"https:\/\/pasaenmendoza.com\/index.php?rest_route=%2Fwp%2Fv2%2Fcomments&post=728"}],"version-history":[{"count":2,"href":"https:\/\/pasaenmendoza.com\/index.php?rest_route=\/wp\/v2\/posts\/728\/revisions"}],"predecessor-version":[{"id":732,"href":"https:\/\/pasaenmendoza.com\/index.php?rest_route=\/wp\/v2\/posts\/728\/revisions\/732"}],"wp:featuredmedia":[{"embeddable":true,"href":"https:\/\/pasaenmendoza.com\/index.php?rest_route=\/wp\/v2\/media\/729"}],"wp:attachment":[{"href":"https:\/\/pasaenmendoza.com\/index.php?rest_route=%2Fwp%2Fv2%2Fmedia&parent=728"}],"wp:term":[{"taxonomy":"category","embeddable":true,"href":"https:\/\/pasaenmendoza.com\/index.php?rest_route=%2Fwp%2Fv2%2Fcategories&post=728"},{"taxonomy":"post_tag","embeddable":true,"href":"https:\/\/pasaenmendoza.com\/index.php?rest_route=%2Fwp%2Fv2%2Ftags&post=728"}],"curies":[{"name":"wp","href":"https:\/\/api.w.org\/{rel}","templated":true}]}}