{"id":7282,"date":"2024-05-06T15:48:30","date_gmt":"2024-05-06T13:48:30","guid":{"rendered":"https:\/\/pasaenmendoza.com\/?p=7282"},"modified":"2024-05-06T15:48:32","modified_gmt":"2024-05-06T13:48:32","slug":"fin-de-semana-tragico-cinco-personas-fallecieron-en-accidentes-de-transito-en-mendoza","status":"publish","type":"post","link":"https:\/\/pasaenmendoza.com\/?p=7282","title":{"rendered":"Fin de semana tr\u00e1gico: cinco personas fallecieron en accidentes de tr\u00e1nsito en Mendoza"},"content":{"rendered":"\n<p><strong>Un hombre de 31 a\u00f1os que falleci\u00f3 este domingo por la noche en San Rafael<\/strong>&nbsp;se convirti\u00f3 en la quinta v\u00edctima fatal por accidentes de tr\u00e1nsito registrados en diferentes puntos de la provincia durante el fin de semana.<\/p>\n\n\n\n<p>El hecho ocurri\u00f3 minutos despu\u00e9s de las 21.30 en el distrito Cuadro Nacional. De acuerdo con la informaci\u00f3n policial,&nbsp;<strong>la v\u00edctima circulaba al mando de un Peugeot 206<\/strong>&nbsp;por la ruta 146 en direcci\u00f3n al este cuando, por razones que se investigan, fue embestida por el conductor de un Fiat 147 que transitaba por calle Sarmiento.<\/p>\n\n\n\n<p>Producto de este impacto, el Peugeot volc\u00f3,<strong>\u00a0quedando su conductor atrapado en el interior.\u00a0<\/strong>Personal de bomberos logr\u00f3 extraer el cuerpo del automovilista, pero m\u00e9dicos del Servicio de Emergencia Coordinado\u00a0<strong>constataron el deceso.<\/strong><\/p>\n\n\n\n<p>As\u00ed se cerr\u00f3 un fin de semana tr\u00e1gico en las rutas mendocinas,&nbsp;<strong>con cinco muertes<\/strong>. El primer accidente fatal ocurri\u00f3 el pasado viernes por la noche,<strong>&nbsp;cuando un polic\u00eda y un preventor municipal de Godoy Cruz murieron<\/strong>&nbsp;tras ser atropellados por un conductor alcoholizado.<\/p>\n\n\n\n<p>El agente de Tr\u00e1nsito\u00a0<strong>Santiago David Vel\u00e1zquez\u00a0(23)<\/strong>\u00a0y el efectivo de Polic\u00eda Vial\u00a0<strong>Leonardo Alarc\u00f3n Quiroga\u00a0(35)\u00a0<\/strong>desarrollaban tareas de regulaci\u00f3n de tr\u00e1nsito despu\u00e9s de las 23.30 del viernes, luego de un choque en cadena en una zona oscura del Acceso Sur, cuando fueron embestidos por el conductor de una Ford EcoSport roja.<\/p>\n\n\n\n<p>Testigos contaron que\u00a0<strong>Hugo Mart\u00edn Rodr\u00edguez C\u00e1ceres\u00a0(44)<\/strong>\u00a0<em>\u201cven\u00eda sin luces\u201d y \u201ctocando la banquina del Acceso Sur\u201d<\/em>\u00a0cuando se produjo el siniestro, es decir, mientras circulaba hacia el norte entre el carril Sarmiento y Rodr\u00edguez Pe\u00f1a.\u00a0<strong>El dosaje de alcohol arroj\u00f3 que ten\u00eda 2,68 g\/hl<\/strong>, m\u00e1s de cinco veces lo permitido para manejar.<\/p>\n\n\n\n<p><strong>Vel\u00e1zquez\u00a0<\/strong>muri\u00f3 en el acto y\u00a0<strong>Alarc\u00f3n\u00a0<\/strong>fue llevado de urgencia al Hospital Central. Seis horas despu\u00e9s, se confirm\u00f3 el fallecimiento.\u00a0<\/p>\n\n\n\n<p>En tanto, este domingo al mediod\u00eda\u00a0otro hombre muri\u00f3 en un accidente de tr\u00e1nsito\u00a0ocurrido en la intersecci\u00f3n de calles\u00a0Bolivia y Fader,<strong>\u00a0en la\u00a0Sexta Secci\u00f3n de Ciudad<\/strong>.<\/p>\n\n\n\n<p>Un Peugeot 307 y una Volkswagen T-Cross chocaron en esa esquina. En el primer veh\u00edculo, que volc\u00f3 tras el impacto, circulaba como acompa\u00f1ante la v\u00edctima fatal,&nbsp;identificada como&nbsp;<strong>Gonzalo Llanes<\/strong>. Fuentes policiales confirmaron que no ten\u00eda colocado el cintur\u00f3n de seguridad.<\/p>\n\n\n\n<p>El Peugeot 307 circulaba por Fader en direcci\u00f3n al oeste, mientras que la Volkswagen T-Cross transitaba por Bolivia, de norte a sur. Las fuentes destacaron que\u00a0el conductor de la camioneta no fren\u00f3 en la esquina,\u00a0<strong>pese a la presencia de discos \u201cPare\u201d en ambos sentidos.<\/strong><\/p>\n\n\n\n<p>Horas m\u00e1s tarde,\u00a0<strong>otro hombre de 68 a\u00f1os muri\u00f3\u00a0<\/strong>luego de\u00a0ser atropellado por una moto\u00a0mientras cruzaba por zona de calles\u00a0Adolfo Calle y Dorrego de\u00a0<strong>Guaymall\u00e9n<\/strong>.<\/p>\n\n\n\n<p>El siniestro vial sucedi\u00f3 despu\u00e9s de las 19.30,&nbsp;cuando el conductor de una moto Bajaj 150cc, un joven de 20 a\u00f1os, circulaba por Adolfo Calle hacia el oeste y, al llegar a la intersecci\u00f3n con Dorrego,<strong>&nbsp;embisti\u00f3 a un peat\u00f3n que pasaba por el sector.<\/strong><\/p>\n\n\n\n<p>Luego del impacto,\u00a0testigos dieron aviso al 911 y una ambulancia del SEC lleg\u00f3 hasta la escena. Sin embargo, los\u00a0m\u00e9dicos nada pudieron hacer para salvarle la vida a la v\u00edctima, identificada como\u00a0<strong>Francisco Alberto Tula.<\/strong><\/p>\n\n\n\n<p><strong>Fuente: www.elsol.com.ar<\/strong><\/p>\n","protected":false},"excerpt":{"rendered":"<p>Un hombre de 31 a\u00f1os que falleci\u00f3 este domingo por la noche en San Rafael&nbsp;se convirti\u00f3 en la quinta v\u00edctima fatal por accidentes de tr\u00e1nsito registrados en diferentes puntos de la provincia durante el fin de semana. El hecho ocurri\u00f3 minutos despu\u00e9s de las 21.30 en el distrito Cuadro Nacional. De acuerdo con la informaci\u00f3n [&hellip;]<\/p>\n","protected":false},"author":2,"featured_media":7283,"comment_status":"open","ping_status":"open","sticky":false,"template":"","format":"standard","meta":[],"categories":[48],"tags":[],"_links":{"self":[{"href":"https:\/\/pasaenmendoza.com\/index.php?rest_route=\/wp\/v2\/posts\/7282"}],"collection":[{"href":"https:\/\/pasaenmendoza.com\/index.php?rest_route=\/wp\/v2\/posts"}],"about":[{"href":"https:\/\/pasaenmendoza.com\/index.php?rest_route=\/wp\/v2\/types\/post"}],"author":[{"embeddable":true,"href":"https:\/\/pasaenmendoza.com\/index.php?rest_route=\/wp\/v2\/users\/2"}],"replies":[{"embeddable":true,"href":"https:\/\/pasaenmendoza.com\/index.php?rest_route=%2Fwp%2Fv2%2Fcomments&post=7282"}],"version-history":[{"count":1,"href":"https:\/\/pasaenmendoza.com\/index.php?rest_route=\/wp\/v2\/posts\/7282\/revisions"}],"predecessor-version":[{"id":7284,"href":"https:\/\/pasaenmendoza.com\/index.php?rest_route=\/wp\/v2\/posts\/7282\/revisions\/7284"}],"wp:featuredmedia":[{"embeddable":true,"href":"https:\/\/pasaenmendoza.com\/index.php?rest_route=\/wp\/v2\/media\/7283"}],"wp:attachment":[{"href":"https:\/\/pasaenmendoza.com\/index.php?rest_route=%2Fwp%2Fv2%2Fmedia&parent=7282"}],"wp:term":[{"taxonomy":"category","embeddable":true,"href":"https:\/\/pasaenmendoza.com\/index.php?rest_route=%2Fwp%2Fv2%2Fcategories&post=7282"},{"taxonomy":"post_tag","embeddable":true,"href":"https:\/\/pasaenmendoza.com\/index.php?rest_route=%2Fwp%2Fv2%2Ftags&post=7282"}],"curies":[{"name":"wp","href":"https:\/\/api.w.org\/{rel}","templated":true}]}}