{"id":7286,"date":"2024-05-06T16:26:30","date_gmt":"2024-05-06T14:26:30","guid":{"rendered":"https:\/\/pasaenmendoza.com\/?p=7286"},"modified":"2024-05-06T16:26:31","modified_gmt":"2024-05-06T14:26:31","slug":"el-pedido-de-alfredo-cornejo-a-la-ucr-y-a-los-partidos-de-cambia-mendoza","status":"publish","type":"post","link":"https:\/\/pasaenmendoza.com\/?p=7286","title":{"rendered":"El pedido de Alfredo Cornejo a la UCR y a los partidos de Cambia Mendoza"},"content":{"rendered":"\n<p>En plena crisis econ\u00f3mica, el gobernador se concentra en la gesti\u00f3n, sin embargo, hay una orden expl\u00edcita a las autoridades del radicalismo que incluye a los ministros. El papel de Cambia Mendoza.<\/p>\n\n\n\n<p>En \u00e9pocas de abundantes\u00a0videos de Instagram, Tik Tok y anuncios por X, el gobernador<strong>\u00a0Alfredo Cornejo<\/strong>\u00a0apuesta a fortalecer a la militancia en el territorio y acercar a los ministros a todos los comit\u00e9 departamentales de la\u00a0<strong>UCR.\u00a0<\/strong>Pero adem\u00e1s, en una segunda etapa, que es muy pr\u00f3xima, las autoridades\u00a0har\u00e1n lo mismo con el resto de las fuerzas que integran\u00a0<strong>Cambia Mendoza.<\/strong>\u00a0La idea es apostar al territorio, hacer parte a los dirigentes departamentales de las decisiones que se toman en Casa de Gobierno, y claro est\u00e1, prepararse para las elecciones legislativas del 2025.<\/p>\n\n\n\n<p>El presidente del Comit\u00e9\u00a0<strong>radical<\/strong>\u00a0provincial,\u00a0<strong>Andr\u00e9s Peti Lombardi<\/strong>, hombre cercan\u00edsimo a\u00a0<strong>Cornejo<\/strong>, es el encargado de llevar adelante todos los recorridos por los comit\u00e9. Aprovecha las asunciones de las autoridades departamentales para ir, llevar ministros del Gabinete y explicar qu\u00e9 se est\u00e1 haciendo y comprometer a la dirigencia territorial.<\/p>\n\n\n\n<p>&#8220;Estamos haciendo un recorrido del territorio. Se debe a una apuesta en la que queremos que nuestra militancia sean un medio de comunicaci\u00f3n de lo que estamos haciendo. Por eso llevamos a los ministros a los comit\u00e9, para que se expliquen detalles de lo que se hace, los proyectos y su impacto en los distintos departamentos&#8221;, sostuvo\u00a0<strong>Lombardi\u00a0<\/strong><strong>.\u00a0<\/strong><\/p>\n\n\n\n<p><strong>Lombardi\u00a0<\/strong>es un dirigente que le gusta estar en los comit\u00e9, y esa es la impronta que quiere para su gesti\u00f3n frente al comit\u00e9 provincial . &#8220;Es muy importante esto que estamos haciendo para escuchar, para tener el term\u00f3metro.de lo que est\u00e1 pasando en los departamentos, como as\u00ed\u00a0tambi\u00e9n las necesidades de la militancia y sus propuestas.\u00a0<\/p>\n\n\n\n<p>Este trabajo que hace\u00a0<strong>Lombardi\u00a0<\/strong>junto a los ministros, no lo hace s\u00f3lo sino tambi\u00e9n con la vice\u00a0del partido,\u00a0Griselda\u00a0Petri, hermana del ministro de Defensa de la Naci\u00f3n, Luis Petri. Las aspiraciones para ser candidato a gobernador del funcionario de Javier Milei generan suspicacias pero por ahora eso no est\u00e1 en agenda. Es decir que lo que se haga con la militancia\u00a0<strong>radical\u00a0<\/strong>en estos meses nada tiene que ver con el 2027 y la incertidumbre que esa situaci\u00f3n genera.<\/p>\n\n\n\n<p>El segundo paso es ir a los partidos que integran&nbsp;<strong>Cambia Mendoza<\/strong>&nbsp;junto al&nbsp;<strong>radicalismo<\/strong>. Es decir que el Gabinete de ministros y Lombardi ir\u00e1n a las sedes del&nbsp;PRO, a la&nbsp;Coalici\u00f3n C\u00edvica ARI&nbsp;Coalici\u00f3n C\u00edvica ARI (se afiliaron UCR Daniela Stella), Libres del Sur (Ernesto Mancinelli y Silvina Anfuso), dirigentes del Partido Socialista (en lo formal se retiraron pero queda el subsecretario de Ambiente Sebasti\u00e1n Melchor y el funcionario de Godoy Cruz, Mart\u00edn Appiolaza, Partido Fe cuyo referente es Jos\u00e9 Tello, Partido Renovador Federal que est\u00e1 representado por Jos\u00e9 Mar\u00eda Videla S\u00e1enz, Activa Mendoza, que es la fuerza del ministro de la producci\u00f3n Rodolfo Vargas Arizu,el MID, del funcionario Julio Totero.&nbsp;<\/p>\n\n\n\n<p>No todos, pero varios de estos partidos, para dirigentes de la UCR son &#8220;sellos de goma&#8221; es decir nombres de partidos sin contenido. Lo que buscan es sacarles ese mote y darles contenido desde el Gobierno y la UCR.\u00a0<\/p>\n\n\n\n<p>FUENTE: MDZonline.<\/p>\n","protected":false},"excerpt":{"rendered":"<p>En plena crisis econ\u00f3mica, el gobernador se concentra en la gesti\u00f3n, sin embargo, hay una orden expl\u00edcita a las autoridades del radicalismo que incluye a los ministros. El papel de Cambia Mendoza. En \u00e9pocas de abundantes\u00a0videos de Instagram, Tik Tok y anuncios por X, el gobernador\u00a0Alfredo Cornejo\u00a0apuesta a fortalecer a la militancia en el territorio [&hellip;]<\/p>\n","protected":false},"author":2,"featured_media":7289,"comment_status":"open","ping_status":"open","sticky":true,"template":"","format":"standard","meta":[],"categories":[47],"tags":[],"_links":{"self":[{"href":"https:\/\/pasaenmendoza.com\/index.php?rest_route=\/wp\/v2\/posts\/7286"}],"collection":[{"href":"https:\/\/pasaenmendoza.com\/index.php?rest_route=\/wp\/v2\/posts"}],"about":[{"href":"https:\/\/pasaenmendoza.com\/index.php?rest_route=\/wp\/v2\/types\/post"}],"author":[{"embeddable":true,"href":"https:\/\/pasaenmendoza.com\/index.php?rest_route=\/wp\/v2\/users\/2"}],"replies":[{"embeddable":true,"href":"https:\/\/pasaenmendoza.com\/index.php?rest_route=%2Fwp%2Fv2%2Fcomments&post=7286"}],"version-history":[{"count":1,"href":"https:\/\/pasaenmendoza.com\/index.php?rest_route=\/wp\/v2\/posts\/7286\/revisions"}],"predecessor-version":[{"id":7290,"href":"https:\/\/pasaenmendoza.com\/index.php?rest_route=\/wp\/v2\/posts\/7286\/revisions\/7290"}],"wp:featuredmedia":[{"embeddable":true,"href":"https:\/\/pasaenmendoza.com\/index.php?rest_route=\/wp\/v2\/media\/7289"}],"wp:attachment":[{"href":"https:\/\/pasaenmendoza.com\/index.php?rest_route=%2Fwp%2Fv2%2Fmedia&parent=7286"}],"wp:term":[{"taxonomy":"category","embeddable":true,"href":"https:\/\/pasaenmendoza.com\/index.php?rest_route=%2Fwp%2Fv2%2Fcategories&post=7286"},{"taxonomy":"post_tag","embeddable":true,"href":"https:\/\/pasaenmendoza.com\/index.php?rest_route=%2Fwp%2Fv2%2Ftags&post=7286"}],"curies":[{"name":"wp","href":"https:\/\/api.w.org\/{rel}","templated":true}]}}