{"id":7291,"date":"2024-05-06T16:34:21","date_gmt":"2024-05-06T14:34:21","guid":{"rendered":"https:\/\/pasaenmendoza.com\/?p=7291"},"modified":"2024-05-06T16:34:23","modified_gmt":"2024-05-06T14:34:23","slug":"la-libertad-avanza-arribo-a-la-legislatura-de-mendoza","status":"publish","type":"post","link":"https:\/\/pasaenmendoza.com\/?p=7291","title":{"rendered":"La Libertad Avanza arrib\u00f3 a la Legislatura de Mendoza"},"content":{"rendered":"\n<p>El diputado Gustavo Cairo decidi\u00f3 alejarse de La Uni\u00f3n Mendocina para constituir un monobloque bajo el nombre de LLA. Las repercusiones no tardaron en llegar.<\/p>\n\n\n\n<p>La sesi\u00f3n de Diputados del pr\u00f3ximo mi\u00e9rcoles contar\u00e1 con el estreno del bloque de La&nbsp;<strong>Libertad Avanza<\/strong>, con&nbsp;<strong>Gustavo Cairo<\/strong>&nbsp;como \u00fanico representante. El legislador provincial decidi\u00f3 pegar el portazo en<strong>&nbsp;La Uni\u00f3n Mendocina<\/strong>&nbsp;para constituir a LLA en la C\u00e1mara Baja. Sin dudas que la decisi\u00f3n del dirigente ligado al PRO gener\u00f3 repercusiones en el resto de las fuerzas que forman parte del recinto.<\/p>\n\n\n\n<p>El pasado viernes por la tarde, ingres\u00f3 por mesa de entrada de la Legislatura, el pedido de Cairo de comunicarle a la presidencia de la C\u00e1mara de Diputados, \u201c<em>la constituci\u00f3n del Bloque La Libertad Avanza (LLA), a partir del nuevo a\u00f1o legislativo que dio comienzo el d\u00eda 01 de Mayo de 2024<\/em>\u201d.<\/p>\n\n\n\n<p>La salida de Cairo no es la primera que sufre el espacio pol\u00edtico liderado por\u00a0<strong>Omar De Marchi<\/strong>\u00a0en toda la provincia. A finales de 2023, en pleno debate del presupuesto provincial,\u00a0<strong>Gabriel Vilche<\/strong>\u00a0formaba parte de Laum pero tras votar a favor del proyecto presentado por el oficialismo, el excandidato\u00a0a gobernador lo tild\u00f3 de \u201ctraidor\u201d\u00a0lo que provoc\u00f3 el exilio del legislador del PRO a Cambia Mendoza.<\/p>\n\n\n\n<p>En 2024, La Uni\u00f3n Mendocina comenz\u00f3 las sesiones extraordinarias en la C\u00e1mara Baja con nueve bancas. Pero a finales de marzo,\u00a0<strong>Janina Ortiz<\/strong>\u00a0fue\u00a0suspendida por sus dos causas judiciales que tiene en su contra. En la actualidad y\u00a0<mark>con el portazo de Cairo, Laum pas\u00f3 a tener siete representantes<\/mark>.<\/p>\n\n\n\n<p>\u201c<em>Ya lo hab\u00eda avisado a todos mi decisi\u00f3n de abrirme para armar el bloque de La Libertad Avanza. Esto fue despu\u00e9s de la votaci\u00f3n en Diputados de la Reforma del C\u00f3digo de Procedimiento Minero<\/em>\u201d, justific\u00f3 Cairo.<\/p>\n\n\n\n<p>Si bien las diferencias a la hora como ideol\u00f3gicas con los integrantes del bloque fueron determinante para su decisi\u00f3n, el exsenador provincial afirm\u00f3 que tambi\u00e9n \u201c<em>sent\u00eda la necesidad de que el presidente Javier Milei, cuente con una representaci\u00f3n en la Legislatura mendocina<\/em>\u201d.<\/p>\n\n\n\n<p>Afilado al PRO hace m\u00e1s de 10 a\u00f1os y con una estrecha cercan\u00eda con De Marchi, por estos momentos, Cairo se encuentra analizando su futuro en el partido amarillo. A su vez, tiene en mente seguir apostando al crecimiento de la LLA como agrupaci\u00f3n pol\u00edtica y por ese motivo se mantiene en permanente contacto con la diputada nacional,&nbsp;<strong>Lourdes Arrieta<\/strong>.<\/p>\n\n\n\n<p>\u201c<em>No me est\u00e1 gustando lo del internismo del PRO. Por eso decid\u00ed no participar esta vez de las elecciones. Si bien soy uno de los fundadores del partido, hoy me veo lejos de \u00e9l. Me quiero concentrar en el armado de La Libertad Avanza en Mendoza. Voy a ser org\u00e1nico con la l\u00ednea nacional y estar\u00e9 en contacto con Lourdes. Ella es la figura ac\u00e1 en la Provincia y la persona a cargo del armado<\/em>\u201d, manifest\u00f3.<\/p>\n\n\n\n<p>Curiosamente, en marzo de este a\u00f1o, otro legislador del mimo espacio pol\u00edtico tom\u00f3 la misma posta que Cairo, pero en el Congreso de la Naci\u00f3n. Se trata del diputado nacional,\u00a0<strong>\u00c1lvaro Mart\u00ednez<\/strong>, que tras anunciar su salida del bloque del PRO,\u00a0constituy\u00f3 el monobloque de Laum\u00a0 para luego sumarse al bloque de LLA.<\/p>\n\n\n\n<p>Frente a este antecedente, Cario decidi\u00f3 tomar distancia tanto de Mart\u00ednez como del actual Secretario de Relaciones Parlamentarias de la Naci\u00f3n y confes\u00f3 que \u201c<em>son cosas totalmente diferentes. Ellos est\u00e1n tomando un camino y yo otro. Yo estoy pagando los costos de mi decisi\u00f3n de armar la LLA en Mendoza<\/em>\u201d.<\/p>\n\n\n\n<p>Cabe recordar que tras su salida del<strong>&nbsp;Partido Libertario<\/strong>&nbsp;y luego conseguir el apoyo de&nbsp;<strong>Karina Milei<\/strong>&nbsp;como de&nbsp;<strong>Eduardo \u201cLule\u201d Menem<\/strong>, Arrieta present\u00f3 en la Justicia Electoral la conformaci\u00f3n de La Libertad Avanza como partido en Mendoza. Pero llamativamente, en las \u00faltimas semanas, se dio a conocer que el exdirigente del PD&nbsp;<strong>Alejandro Barraza&nbsp;<\/strong>hizo el mismo pedido.<\/p>\n\n\n\n<p>El 9 de mayo habr\u00e1 una audiencia en la que el juez subrogante por la C\u00e1mara Nacional Electoral (CNE),\u00a0<strong>Pablo Quir\u00f3s<\/strong>, decidir\u00e1 qui\u00e9n ser\u00e1 el due\u00f1o del nombre y del partido de LLA en la provincia.<\/p>\n\n\n\n<h2 class=\"wp-block-heading\" id=\"h-las-repercusiones\">Las repercusiones<\/h2>\n\n\n\n<p>A d\u00edas de una pr\u00f3xima sesi\u00f3n de Diputados en la que el propio Cairo har\u00e1 el anuncio oficial de la conformaci\u00f3n de su monobloque, las repercusiones en la Casa de Leyes no tardaron en llegar. Miembros de diferentes colores pol\u00edticos opinaron al respecto.<\/p>\n\n\n\n<p>Desde La Uni\u00f3n Mendocina confesaron que \u201c<em>hace rato que no cont\u00e1bamos con \u00e9l, pero su salida le repercute m\u00e1s al PRO que al frente. Es una decisi\u00f3n muy individualista, cost\u00f3 much\u00edsimo el armado de las listas<\/em>\u201d. Pero eso no fue todo, ya que otro dirigente cruz\u00f3 fuerte a Cairo ya que lo tild\u00f3 de \u201c<em>hacer discusiones filos\u00f3ficas cuando hay vecinos que no pueden pagar la boleta de la luz.&nbsp; No tiene tacto, con la realidad y le falta empat\u00eda con la sociedad<\/em>\u201d.<\/p>\n\n\n\n<p>Por el lado del\u00a0<strong>PRO<\/strong>\u00a0expresaron que \u201c<em>Es coherente lo que hizo pero tambi\u00e9n es m\u00e1s para la tribuna<\/em>\u201d y agregaron que \u00faltimamente \u201c<em>se lo ve\u00eda inc\u00f3modo. El tema es que el armado de LLA tiene muchos caciques y no s\u00e9 c\u00f3mo puede terminar es<\/em>o\u201d. Mientras que desde el\u00a0<strong>radicalismo\u00a0<\/strong>deslizaron que \u201c<em>no cambia para nada lo que pasas en la Legislatura, es otro m\u00e1s que se quiere colgar de la figura de Milei<\/em>\u201d.<\/p>\n\n\n\n<p>El&nbsp;<strong>peronismo<\/strong>&nbsp;tambi\u00e9n opin\u00f3 sobre Cairo y calificaron a su maniobra como &nbsp;\u201c<em>err\u00f3nea<\/em>\u201d porque todo lo que tenga que ver con \u201c<em>LLA no tiene sustento ideol\u00f3gico y pol\u00edtico<\/em>\u201d. A su vez, agregaron que el flamante diputado devenido en libertario \u201c<em>no conoce la realidad de la provincia y es una l\u00e1stima que pretenda armar algo sobre un proceso que est\u00e1 totalmente destruido. Se est\u00e1 arriesgando a defender a algo que es un papel\u00f3n<\/em>\u201d.<\/p>\n\n\n\n<p>Un legislador provincial fue m\u00e1s all\u00e1 y record\u00f3 la trayectoria pol\u00edtica de Cairo con un ejemplo futbolero: \u201c<em>Cairo suma un nuevo partido a su carrera: Democracia Cristiana, Frepaso, Recrear, alguna insinuaci\u00f3n con el PD, despu\u00e9s pas\u00f3 al Pro y ahora LLA. Con eso te digo todo<\/em>\u201d.<\/p>\n\n\n\n<p>Quien sac\u00f3 pecho de la situaci\u00f3n fue el&nbsp;<strong>Partido Dem\u00f3crata<\/strong>, que asegur\u00f3 tener \u201c<em>la legitimidad<\/em>\u201d del nombre de LLA junto al Partido Libertario por los resultados que obtuvo el frente en la Provincia en las elecciones nacionales en 2023. No obstante, en diciembre del a\u00f1o pasado, el senador provincial&nbsp;<strong>Armando Magistretti<\/strong>&nbsp;decidi\u00f3 crear su monobloque denominado PD \u2013 LLA.<\/p>\n\n\n\n<p>\u201c<em>La legitimidad del nombre podemos decir que lo tenemos nosotros junto con el Partido Libertario. Despu\u00e9s aparecen otros que fantasean con querer ser La Libertad Avanza, son el claro ejemplo del amigo del campe\u00f3n<\/em>\u201d, complet\u00f3 un dirigente \u201cganso\u201d.<\/p>\n\n\n\n<p>FUENTE: Elsol.com.ar <\/p>\n","protected":false},"excerpt":{"rendered":"<p>El diputado Gustavo Cairo decidi\u00f3 alejarse de La Uni\u00f3n Mendocina para constituir un monobloque bajo el nombre de LLA. Las repercusiones no tardaron en llegar. La sesi\u00f3n de Diputados del pr\u00f3ximo mi\u00e9rcoles contar\u00e1 con el estreno del bloque de La&nbsp;Libertad Avanza, con&nbsp;Gustavo Cairo&nbsp;como \u00fanico representante. El legislador provincial decidi\u00f3 pegar el portazo en&nbsp;La Uni\u00f3n Mendocina&nbsp;para [&hellip;]<\/p>\n","protected":false},"author":2,"featured_media":7292,"comment_status":"open","ping_status":"open","sticky":true,"template":"","format":"standard","meta":[],"categories":[47],"tags":[],"_links":{"self":[{"href":"https:\/\/pasaenmendoza.com\/index.php?rest_route=\/wp\/v2\/posts\/7291"}],"collection":[{"href":"https:\/\/pasaenmendoza.com\/index.php?rest_route=\/wp\/v2\/posts"}],"about":[{"href":"https:\/\/pasaenmendoza.com\/index.php?rest_route=\/wp\/v2\/types\/post"}],"author":[{"embeddable":true,"href":"https:\/\/pasaenmendoza.com\/index.php?rest_route=\/wp\/v2\/users\/2"}],"replies":[{"embeddable":true,"href":"https:\/\/pasaenmendoza.com\/index.php?rest_route=%2Fwp%2Fv2%2Fcomments&post=7291"}],"version-history":[{"count":1,"href":"https:\/\/pasaenmendoza.com\/index.php?rest_route=\/wp\/v2\/posts\/7291\/revisions"}],"predecessor-version":[{"id":7293,"href":"https:\/\/pasaenmendoza.com\/index.php?rest_route=\/wp\/v2\/posts\/7291\/revisions\/7293"}],"wp:featuredmedia":[{"embeddable":true,"href":"https:\/\/pasaenmendoza.com\/index.php?rest_route=\/wp\/v2\/media\/7292"}],"wp:attachment":[{"href":"https:\/\/pasaenmendoza.com\/index.php?rest_route=%2Fwp%2Fv2%2Fmedia&parent=7291"}],"wp:term":[{"taxonomy":"category","embeddable":true,"href":"https:\/\/pasaenmendoza.com\/index.php?rest_route=%2Fwp%2Fv2%2Fcategories&post=7291"},{"taxonomy":"post_tag","embeddable":true,"href":"https:\/\/pasaenmendoza.com\/index.php?rest_route=%2Fwp%2Fv2%2Ftags&post=7291"}],"curies":[{"name":"wp","href":"https:\/\/api.w.org\/{rel}","templated":true}]}}