{"id":7295,"date":"2024-05-06T18:10:18","date_gmt":"2024-05-06T16:10:18","guid":{"rendered":"https:\/\/pasaenmendoza.com\/?p=7295"},"modified":"2024-05-06T18:10:19","modified_gmt":"2024-05-06T16:10:19","slug":"dura-imputacion-para-el-conductor-alcoholizado-que-atropello-y-mato-arriesga-hasta-50-anos-de-carcel","status":"publish","type":"post","link":"https:\/\/pasaenmendoza.com\/?p=7295","title":{"rendered":"Dura imputaci\u00f3n para el conductor alcoholizado que atropell\u00f3 y mat\u00f3: arriesga hasta 50 a\u00f1os de c\u00e1rcel"},"content":{"rendered":"\n<p>Tal como lo anticip\u00f3&nbsp;<strong><em>El Sol<\/em><\/strong>, el&nbsp;<strong>fiscal de Tr\u00e1nsito Fernando Giunta&nbsp;<\/strong>imput\u00f3 la tarde de este s\u00e1bado a<strong>&nbsp;Hugo Mart\u00edn Rodr\u00edguez<\/strong>&nbsp;<strong>C\u00e1ceres<\/strong>, el conductor que provoc\u00f3 la noche del viernes la&nbsp;<strong>tragedia del Acceso Sur<\/strong>.<\/p>\n\n\n\n<p>El representante del&nbsp;<strong>Ministerio P\u00fablico<\/strong>&nbsp;efectiviz\u00f3 la acusaci\u00f3n por dos hechos en concurso real&nbsp;<strong>homicidio simple con dolo eventual<\/strong>.<\/p>\n\n\n\n<p>Con esa calificaci\u00f3n, los investigadores consideran que al sommelier se le represent\u00f3 la posibilidad de que pod\u00eda matar con su accionar imprudente y, aun as\u00ed, sigui\u00f3 adelante sin importarle el resultado.<\/p>\n\n\n\n<p>Debido a la dura imputaci\u00f3n, en caso de que Rodr\u00edguez llegue a\u00a0<strong>juicio oral y p\u00fablico,<\/strong>\u00a0arriesgar\u00e1 penas de entre 8 y 50 a\u00f1os de encierro, explicaron las fuentes judiciales.<\/p>\n\n\n\n<p>En tanto, en las pr\u00f3ximas horas el conductor ser\u00e1 trasladado a una c\u00e1rcel provincial, donde aguardar\u00e1 que un juez de primera instancia resuelva el pedido de prisi\u00f3n preventiva, que dentro de poco ser\u00e1 requerido por el fiscal Giunta.<\/p>\n\n\n\n<p>El accidente por el que fue acusado el empleado bodeguero tuvo lugar pasadas las 23.30 en el Acceso Sur, a la altura de<strong>&nbsp;calle Sarmiento<\/strong>&nbsp;de&nbsp;<strong>Godoy Cruz.<\/strong><\/p>\n\n\n\n<p>All\u00ed, personal policial y de<strong>\u00a0Tr\u00e1nsito Municipal<\/strong>\u00a0realizaban un control. Todo transcurr\u00eda con normalidad hasta que apareci\u00f3 Rodr\u00edguez a bordo de su<strong>\u00a0Ford EcoSport\u00a0<\/strong>roja, circulando a toda velocidad en direcci\u00f3n al norte.<\/p>\n\n\n\n<p>Pese a la presencia de los funcionarios, el conductor continu\u00f3 con su marcha, impact\u00f3 una movilidad policial y luego arroll\u00f3 al agente de Tr\u00e1nsito&nbsp;<strong>Santiago David Vel\u00e1zquez Guevara&nbsp;<\/strong>(23) y al efectivo de la&nbsp;<strong>Polic\u00eda Vial<\/strong>&nbsp;<strong>Leonardo Alarc\u00f3n Quiroga&nbsp;<\/strong>(35).<\/p>\n\n\n\n<p>El trabajador municipal perdi\u00f3 la vida en el acto, mientras que el oficial principal falleci\u00f3 horas despu\u00e9s en el\u00a0<strong>Hospital Central<\/strong>, a ra\u00edz de las graves heridas sufridas.<\/p>\n\n\n\n<p><strong>Fuente: www.elsol.com.ar<\/strong><\/p>\n","protected":false},"excerpt":{"rendered":"<p>Tal como lo anticip\u00f3&nbsp;El Sol, el&nbsp;fiscal de Tr\u00e1nsito Fernando Giunta&nbsp;imput\u00f3 la tarde de este s\u00e1bado a&nbsp;Hugo Mart\u00edn Rodr\u00edguez&nbsp;C\u00e1ceres, el conductor que provoc\u00f3 la noche del viernes la&nbsp;tragedia del Acceso Sur. El representante del&nbsp;Ministerio P\u00fablico&nbsp;efectiviz\u00f3 la acusaci\u00f3n por dos hechos en concurso real&nbsp;homicidio simple con dolo eventual. Con esa calificaci\u00f3n, los investigadores consideran que al sommelier [&hellip;]<\/p>\n","protected":false},"author":2,"featured_media":7301,"comment_status":"open","ping_status":"open","sticky":false,"template":"","format":"standard","meta":[],"categories":[48],"tags":[],"_links":{"self":[{"href":"https:\/\/pasaenmendoza.com\/index.php?rest_route=\/wp\/v2\/posts\/7295"}],"collection":[{"href":"https:\/\/pasaenmendoza.com\/index.php?rest_route=\/wp\/v2\/posts"}],"about":[{"href":"https:\/\/pasaenmendoza.com\/index.php?rest_route=\/wp\/v2\/types\/post"}],"author":[{"embeddable":true,"href":"https:\/\/pasaenmendoza.com\/index.php?rest_route=\/wp\/v2\/users\/2"}],"replies":[{"embeddable":true,"href":"https:\/\/pasaenmendoza.com\/index.php?rest_route=%2Fwp%2Fv2%2Fcomments&post=7295"}],"version-history":[{"count":1,"href":"https:\/\/pasaenmendoza.com\/index.php?rest_route=\/wp\/v2\/posts\/7295\/revisions"}],"predecessor-version":[{"id":7302,"href":"https:\/\/pasaenmendoza.com\/index.php?rest_route=\/wp\/v2\/posts\/7295\/revisions\/7302"}],"wp:featuredmedia":[{"embeddable":true,"href":"https:\/\/pasaenmendoza.com\/index.php?rest_route=\/wp\/v2\/media\/7301"}],"wp:attachment":[{"href":"https:\/\/pasaenmendoza.com\/index.php?rest_route=%2Fwp%2Fv2%2Fmedia&parent=7295"}],"wp:term":[{"taxonomy":"category","embeddable":true,"href":"https:\/\/pasaenmendoza.com\/index.php?rest_route=%2Fwp%2Fv2%2Fcategories&post=7295"},{"taxonomy":"post_tag","embeddable":true,"href":"https:\/\/pasaenmendoza.com\/index.php?rest_route=%2Fwp%2Fv2%2Ftags&post=7295"}],"curies":[{"name":"wp","href":"https:\/\/api.w.org\/{rel}","templated":true}]}}