{"id":7298,"date":"2024-05-06T16:44:56","date_gmt":"2024-05-06T14:44:56","guid":{"rendered":"https:\/\/pasaenmendoza.com\/?p=7298"},"modified":"2024-05-06T16:44:57","modified_gmt":"2024-05-06T14:44:57","slug":"el-gobierno-presento-un-proyecto-para-ampliar-los-juicios-por-jurado-a-todos-los-homicidios","status":"publish","type":"post","link":"https:\/\/pasaenmendoza.com\/?p=7298","title":{"rendered":"El Gobierno present\u00f3 un proyecto para ampliar los juicios por jurado a todos los homicidios"},"content":{"rendered":"\n<p>El gobernador\u00a0<strong>Alfredo Cornejo<\/strong>\u00a0y la ministra de Seguridad\u00a0<strong>Mercedes Rus<\/strong>\u00a0planean incluir a todos los homicidios y robos violentos dentro de los juicios por jurados.<\/p>\n\n\n\n<p>El Gobierno avanza hacia una\u00a0mayor implementaci\u00f3n de los\u00a0<strong>juicios por jurado<\/strong>. En este sentido, el Ejecutivo present\u00f3 un proyecto en la Legislatura para modificar la ley provincial 9.106 y\u00a0<strong>ampliar\u00a0<\/strong>su alcance a\u00a0<strong>todos\u00a0<\/strong>los casos de\u00a0<strong>homicidios<\/strong>\u00a0y a robos violentos.<\/p>\n\n\n\n<p>Hasta ahora, una de las ausencias en la lista de delitos incluidos era el\u00a0<strong>homicidio simple<\/strong>. Sin embargo, si la Legislatura aprueba este proyecto,\u00a0<strong>en Mendoza cualquier individuo acusado de cometer un homicidio<\/strong>, independientemente de la forma en que se haya llevado a cabo,\u00a0<strong>deber\u00e1 enfrentar un juicio popular<\/strong>.<\/p>\n\n\n\n<p>Adem\u00e1s, otro aspecto que persigue la iniciativa del Gobierno, que ya lleg\u00f3 a manos de los diputados, es incorporar una de las modalidades delictivas m\u00e1s comunes de los \u00faltimos a\u00f1os:&nbsp;<strong>el robo con lesiones graves o grav\u00edsimas<\/strong>. Es decir, aquellas que provoquen lesiones en los t\u00e9rminos de los art\u00edculos 90 y 91.<\/p>\n\n\n\n<ul>\n<li>Art\u00edculo 90: si la lesi\u00f3n produjere una&nbsp;<strong>debilitaci\u00f3n permanente de la salud<\/strong>, de un&nbsp;<strong>sentido<\/strong>, de un&nbsp;<strong>\u00f3rgano<\/strong>, de un&nbsp;<strong>miembro&nbsp;<\/strong>o una dificultad permanente de la&nbsp;<strong>palabra&nbsp;<\/strong>o si hubiere puesto en<strong>&nbsp;peligro la vida del ofendido<\/strong>, le hubiere&nbsp;<strong>inutilizado&nbsp;<\/strong>para el trabajo por m\u00e1s de un mes o le hubiere causado una&nbsp;<strong>deformaci\u00f3n&nbsp;<\/strong>permanente del rostro.<\/li>\n\n\n\n<li>Art\u00edculo 91 si la lesi\u00f3n produjere una&nbsp;<strong>enfermedad mental o corporal<\/strong>, cierta o probablemente&nbsp;<strong>incurable<\/strong>, la&nbsp;<strong>inutilidad permanente para el trabajo<\/strong>, la p\u00e9rdida de un sentido, de un \u00f3rgano, de un miembro, del uso de un \u00f3rgano o miembro, de la palabra o de la capacidad de engendrar o concebir.<\/li>\n<\/ul>\n\n\n\n<p>Lo que busca el Ejecutivo con esta iniciativa es avanzar cada vez m\u00e1s en la ampliaci\u00f3n de delitos para que, de a poco,\u00a0<strong>el sistema penal de Mendoza<\/strong>\u00a0se\u00a0<strong>incline hacia este &#8220;sistema participativo de justicia&#8221;.<\/strong><\/p>\n\n\n\n<h2 class=\"wp-block-heading\">D&#8217;Agostino explic\u00f3 que pretenden avanzar sobre todos los delitos<\/h2>\n\n\n\n<p>El juicio por jurado est\u00e1 vigente en Mendoza desde abril de 2019. En ese momento estaba estipulado para delitos contemplados en el art\u00edculo 80 del C\u00f3digo Penal, que son los que prev\u00e9n penas de\u00a0<strong>prisi\u00f3n perpetua<\/strong>.<\/p>\n\n\n\n<p>Tres a\u00f1os despu\u00e9s, en 2022, se ampli\u00f3 para incluir otros delitos como el&nbsp;<strong>abuso sexual seguido de muerte, homicidio, y homicidio agravado por el uso de arma de fuego<\/strong>.<\/p>\n\n\n\n<p>En este sentido, los delitos que se han ido incluyendo con las sucesivas reformas, han seguido&nbsp;<strong>un orden decreciente de la pena m\u00e1xima a penas cuantificables<\/strong>&nbsp;e incorporando de a poco nuevas figuras.<\/p>\n\n\n\n<p>&#8220;Ahora se tom\u00f3 la decisi\u00f3n de avanzar hacia los homicidios simples, que ya son\u00a0<strong>todos los homicidios<\/strong>, y de avanzar hacia los robos&#8221;, coment\u00f3\u00a0<strong>Marcelo D&#8217;Agostino, subsecretario de Justicia de Mendoza.<\/strong><\/p>\n\n\n\n<p>Adem\u00e1s, explic\u00f3 que la Provincia avanza hacia un sistema&nbsp;<strong>donde est\u00e9 comprendido todo el c\u00f3digo penal dentro del juicio por jurado<\/strong>.<\/p>\n\n\n\n<p>&#8220;Lo estamos haciendo de&nbsp;<strong>modo gradual,<\/strong>&nbsp;pero la idea es seguir avanzando en ese sentido a m\u00e1s delitos, una vez que se haya afianzado el sistema con estas nuevas inclusiones&#8221;.<\/p>\n\n\n\n<p>&#8220;Despu\u00e9s&nbsp;<strong>seguiremos por todos los robos<\/strong>&#8220;, asegur\u00f3.<\/p>\n\n\n\n<p>&#8220;Vamos a ir haci\u00e9ndolo como viene siendo ahora, en un sentido decreciente respecto de la pena. Hemos seguido los art\u00edculos seg\u00fan el&nbsp;<strong>C\u00f3digo Penal<\/strong>, yendo de la pena de perpetua al abuso sexual seguido de muerte, al homicidio en ocasi\u00f3n o con motivo de robo, al homicidio agravado por el uso de arma de fuego, y ahora pasamos al homicidio simple y ya seguimos por los robos&#8221;, explic\u00f3.<\/p>\n\n\n\n<h2 class=\"wp-block-heading\">La opini\u00f3n de Jos\u00e9 Valerio<\/h2>\n\n\n\n<p>El ministro de la Suprema Corte de Justicia de Mendoza<strong>\u00a0Jos\u00e9 Valerio<\/strong>\u00a0fue uno de los impulsores de esta iniciativa en 2018 y en 2022. Incluso, fue de los pioneros en pedir la inclusi\u00f3n de todos los homicidios, cuando hab\u00eda una dura resistencia por parte de agentes de la Justicia para implementar este sistema.<\/p>\n\n\n\n<p>El juicio por jurado es una gran&nbsp;<strong>transformaci\u00f3n de la Justicia<\/strong>, donde los fiscales se especializan, aprenden a seleccionar las pruebas y aprenden a tener una estrategia investigativa, explic\u00f3.<\/p>\n\n\n\n<p>&#8220;Me parece muy bien el hecho de que<strong>&nbsp;agotemos todos los delitos de homicidio<\/strong>&nbsp;para pasar a otro tipo de delitos, como el caso del robo. Este ser\u00eda un anticipo del pr\u00f3ximo paso&#8221;,<\/p>\n\n\n\n<p>&#8220;A la larga, cuando yo analizo un sistema con el otro,&nbsp;<strong>es m\u00e1s barato el juicio por jurado<\/strong>. Y es m\u00e1s r\u00e1pido tambi\u00e9n&#8221;, asegur\u00f3.<\/p>\n\n\n\n<p>Y para justificar su postura, coment\u00f3 que el a\u00f1o pasado hubo<strong>&nbsp;25 casos<\/strong>&nbsp;que, de acuerdo a la ley del juicio por jurado y su ampliaci\u00f3n hace dos a\u00f1os, deb\u00edan ser resueltos bajo esta modalidad. Sin embargo,&nbsp;<strong>solo se llevaron a cabo cuatro debates por jurado<\/strong>, mientras que los otros&nbsp;<strong>21&nbsp;<\/strong>casos fueron resueltos mediante&nbsp;<strong>juicio abreviado<\/strong>, es decir, mediante un acuerdo entre las partes.<\/p>\n\n\n\n<p>Adem\u00e1s, los juicios por jurado&nbsp;<strong>han presentado la particularidad de no ser muy extensos<\/strong>, sino que se resuelven en pocos d\u00edas, sin fracasos de audiencia. &#8220;Si se programan cinco audiencias, se llevan a cabo las cinco&#8221;, explic\u00f3.<\/p>\n\n\n\n<h2 class=\"wp-block-heading\">Estad\u00edsticas de los juicios por jurado en Mendoza<\/h2>\n\n\n\n<p>En octubre del 2018 los legisladores aprobaron la participaci\u00f3n ciudadana en la administraci\u00f3n de justicia y en 2019 se celebr\u00f3 el primero, cuando fue juzgado<strong>\u00a0Sebasti\u00e1n Pete\u00e1n Pocov\u00ed<\/strong>, tras apu\u00f1alar a su esposa embarazada y en la huida matar a dos polic\u00edas.<\/p>\n\n\n\n<p>Desde ese d\u00eda, se han celebrado&nbsp;<strong>45 juicios por jurado&nbsp;<\/strong>y 72 personas han sido acusadas bajo este sistema.<\/p>\n\n\n\n<p>De acuerdo a los datos oficiales,&nbsp;<strong>66 de los acusados han sido condenados<\/strong>, 4 acusaciones han quedado estancadas y han sido declaradas no culpables 2 personas.<\/p>\n\n\n\n<p>De las personas que recibieron una pena,\u00a0<strong>54 tuvieron cadena perpetua<\/strong>, 12 recibieron alg\u00fan tipo de pena temporal y a 6 los absolvieron.<\/p>\n\n\n\n<p>FUENTE: Diariouno.com.ar <\/p>\n","protected":false},"excerpt":{"rendered":"<p>El gobernador\u00a0Alfredo Cornejo\u00a0y la ministra de Seguridad\u00a0Mercedes Rus\u00a0planean incluir a todos los homicidios y robos violentos dentro de los juicios por jurados. El Gobierno avanza hacia una\u00a0mayor implementaci\u00f3n de los\u00a0juicios por jurado. En este sentido, el Ejecutivo present\u00f3 un proyecto en la Legislatura para modificar la ley provincial 9.106 y\u00a0ampliar\u00a0su alcance a\u00a0todos\u00a0los casos de\u00a0homicidios\u00a0y a [&hellip;]<\/p>\n","protected":false},"author":2,"featured_media":7299,"comment_status":"open","ping_status":"open","sticky":true,"template":"","format":"standard","meta":[],"categories":[47],"tags":[],"_links":{"self":[{"href":"https:\/\/pasaenmendoza.com\/index.php?rest_route=\/wp\/v2\/posts\/7298"}],"collection":[{"href":"https:\/\/pasaenmendoza.com\/index.php?rest_route=\/wp\/v2\/posts"}],"about":[{"href":"https:\/\/pasaenmendoza.com\/index.php?rest_route=\/wp\/v2\/types\/post"}],"author":[{"embeddable":true,"href":"https:\/\/pasaenmendoza.com\/index.php?rest_route=\/wp\/v2\/users\/2"}],"replies":[{"embeddable":true,"href":"https:\/\/pasaenmendoza.com\/index.php?rest_route=%2Fwp%2Fv2%2Fcomments&post=7298"}],"version-history":[{"count":1,"href":"https:\/\/pasaenmendoza.com\/index.php?rest_route=\/wp\/v2\/posts\/7298\/revisions"}],"predecessor-version":[{"id":7300,"href":"https:\/\/pasaenmendoza.com\/index.php?rest_route=\/wp\/v2\/posts\/7298\/revisions\/7300"}],"wp:featuredmedia":[{"embeddable":true,"href":"https:\/\/pasaenmendoza.com\/index.php?rest_route=\/wp\/v2\/media\/7299"}],"wp:attachment":[{"href":"https:\/\/pasaenmendoza.com\/index.php?rest_route=%2Fwp%2Fv2%2Fmedia&parent=7298"}],"wp:term":[{"taxonomy":"category","embeddable":true,"href":"https:\/\/pasaenmendoza.com\/index.php?rest_route=%2Fwp%2Fv2%2Fcategories&post=7298"},{"taxonomy":"post_tag","embeddable":true,"href":"https:\/\/pasaenmendoza.com\/index.php?rest_route=%2Fwp%2Fv2%2Ftags&post=7298"}],"curies":[{"name":"wp","href":"https:\/\/api.w.org\/{rel}","templated":true}]}}