{"id":7303,"date":"2024-05-06T23:10:30","date_gmt":"2024-05-06T21:10:30","guid":{"rendered":"https:\/\/pasaenmendoza.com\/?p=7303"},"modified":"2024-05-06T23:11:02","modified_gmt":"2024-05-06T21:11:02","slug":"uno-por-uno-cuales-son-los-nuevos-desarrollos-inmobiliarios-de-la-ciudad","status":"publish","type":"post","link":"https:\/\/pasaenmendoza.com\/?p=7303","title":{"rendered":"Uno por uno: cu\u00e1les son los nuevos desarrollos inmobiliarios de la Ciudad"},"content":{"rendered":"\n<p>La partida de muchas personas a vivir en departamentos alejados de la&nbsp;<strong>Ciudad<\/strong>&nbsp;<strong>de Mendoza<\/strong>&nbsp;as\u00ed como el crecimiento de los barrios privados en&nbsp;<strong>Luj\u00e1n&nbsp;<\/strong>y&nbsp;<strong>Maip\u00fa&nbsp;<\/strong>es un hecho que mostr\u00f3 el \u00faltimo censo. Sin embargo, desde la&nbsp;<strong>Municipalidad de la Ciudad&nbsp;<\/strong>se han realizado acciones para revertir esta situaci\u00f3n, que impacta en una suerte de reconfiguraci\u00f3n de la urbanizaci\u00f3n en l\u00edneas generales. Con apuestas claras a zonas como la del parque Central, la Emilio Civit, la Quinta secci\u00f3n y la zona del Bombal, la comuna apuesta a incentivar inversiones de alta gama con un fuerte acento en el turismo.<\/p>\n\n\n\n<p>La Municipalidad comunic\u00f3 que ha habido un crecimiento de 130 mil metros cuadrados en las&nbsp;<strong>obras privadas,<\/strong>&nbsp;una superficie equivalente a 19 canchas de f\u00fatbol lo que implica una suerte de boom en las&nbsp;<strong>inversiones inmobiliaria<\/strong>s. \u201cEsto implica unos 100 mil millones de pesos en inversi\u00f3n\u201d, destacaron desde el Municipio.&nbsp; Agregaron que las obras privadas se alzan como pilares fundamentales del desarrollo urbano y econ\u00f3mico del departamento. Con un impacto fuerte en la mejora del tejido social y urbano, la comuna destac\u00f3 tambi\u00e9n el aporte de estas obras a los puestos de trabajo en l\u00edneas generales.<\/p>\n\n\n\n<p>Una de las arterias en las que ya se observan muchos cambios es la Quinta secci\u00f3n y, dentro de ella, la calle Boulonge Sur Mer. All\u00ed est\u00e1 el edificio Vesta, ubicado en Boulogne Sur Mer al lado de la Universidad de Mendoza que ya empez\u00f3 su obra para 60 residencias y una superficie total aprobada de 10.872 metros cuadrados, este desarrollo inmobiliario pretende brindar un gratificante est\u00e1ndar de vida en la&nbsp;<strong>Ciudad<\/strong>. El Edificio Thays, tambi\u00e9n sobre Boulogne Sur Mer es una de las obras ya finalizadas 8.507 metros cuadrados, mientras que el edificio Gran Boulogne, se alza en una superficie finalizada y aprobada de 13.123 metros cuadrados.<\/p>\n\n\n\n<p>Un p\u00e1rrafo aparte merece el llamado Puerto Madero mendocina que se realizar\u00e1 en las inmediaciones del parque central. Se trata del proyecto de viviendas Parque Central, impulsado por la Municipalidad de&nbsp;<strong>Ciudad&nbsp;<\/strong>y CRIBA, el cual se encuentra en revisi\u00f3n para su desarrollo. Con una extensi\u00f3n de 58.473 metros cuadrados, esta propuesta promete redefinir el paisaje urbano y ofrecer un espacio residencial de calidad para sus habitantes.<\/p>\n\n\n\n<p>Adem\u00e1s, se encuentran los siguientes proyectos inmobiliarios:<\/p>\n\n\n\n<ul>\n<li>Edificio Leloir &#8211; Calle Mariano Moreno 469 (Coiffi). Obra finalizada. 4.900 m\u00b2.<\/li>\n\n\n\n<li>Obra: edificio en Paso de los Andes y Emilio Civit (Marcelo de Blasis inversor &#8211; Arq. Pablo Guerra). En ejecuci\u00f3n. 1.368 m\u00b2.<\/li>\n\n\n\n<li>Obra: edificio en Emilio Civit 664 (Kristich). Pr\u00f3ximo a iniciar. 15.491 m\u00b2.<\/li>\n\n\n\n<li>Obra: edificio en Emilio Civit 80 (Marcelo de Blasis inversor &#8211; Arq. Pablo Guerra). Pr\u00f3ximo a iniciar. 11.314 m\u00b2.<\/li>\n\n\n\n<li>Edificio Allegra &#8211; Calle Clark y Granaderos (Bravin &#8211;&nbsp; Arq. Stoddart) 8 niveles. En construcci\u00f3n.<\/li>\n\n\n\n<li>Edificio Parque Agust\u00edn &#8211; Calle Agust\u00edn \u00c1lvarez 311 (Terra Firme &#8211; Federico Filice). En ejecuci\u00f3n. 2.624 m\u00b2.<\/li>\n\n\n\n<li>Proyecto de Viviendas Parque Central (Municipalidad de Ciudad &#8211; CRIBA). En revisi\u00f3n.&nbsp; 58.473 m\u00b2.<\/li>\n\n\n\n<li>Edificio Diplomatic &#8211; Calle Rivadavia (Presidente). En revisi\u00f3n. 1.249 m\u00b2.<\/li>\n\n\n\n<li>Edificio Hotel Buen Pastor &#8211; Calle Mart\u00edn Zapata 350 (Presidente).<\/li>\n<\/ul>\n\n\n\n<p>Fuente: www.mdzol.com<\/p>\n\n\n\n<p><\/p>\n\n\n\n<p><\/p>\n","protected":false},"excerpt":{"rendered":"<p>La partida de muchas personas a vivir en departamentos alejados de la&nbsp;Ciudad&nbsp;de Mendoza&nbsp;as\u00ed como el crecimiento de los barrios privados en&nbsp;Luj\u00e1n&nbsp;y&nbsp;Maip\u00fa&nbsp;es un hecho que mostr\u00f3 el \u00faltimo censo. Sin embargo, desde la&nbsp;Municipalidad de la Ciudad&nbsp;se han realizado acciones para revertir esta situaci\u00f3n, que impacta en una suerte de reconfiguraci\u00f3n de la urbanizaci\u00f3n en l\u00edneas generales. [&hellip;]<\/p>\n","protected":false},"author":2,"featured_media":7304,"comment_status":"open","ping_status":"open","sticky":false,"template":"","format":"standard","meta":[],"categories":[111],"tags":[],"_links":{"self":[{"href":"https:\/\/pasaenmendoza.com\/index.php?rest_route=\/wp\/v2\/posts\/7303"}],"collection":[{"href":"https:\/\/pasaenmendoza.com\/index.php?rest_route=\/wp\/v2\/posts"}],"about":[{"href":"https:\/\/pasaenmendoza.com\/index.php?rest_route=\/wp\/v2\/types\/post"}],"author":[{"embeddable":true,"href":"https:\/\/pasaenmendoza.com\/index.php?rest_route=\/wp\/v2\/users\/2"}],"replies":[{"embeddable":true,"href":"https:\/\/pasaenmendoza.com\/index.php?rest_route=%2Fwp%2Fv2%2Fcomments&post=7303"}],"version-history":[{"count":2,"href":"https:\/\/pasaenmendoza.com\/index.php?rest_route=\/wp\/v2\/posts\/7303\/revisions"}],"predecessor-version":[{"id":7306,"href":"https:\/\/pasaenmendoza.com\/index.php?rest_route=\/wp\/v2\/posts\/7303\/revisions\/7306"}],"wp:featuredmedia":[{"embeddable":true,"href":"https:\/\/pasaenmendoza.com\/index.php?rest_route=\/wp\/v2\/media\/7304"}],"wp:attachment":[{"href":"https:\/\/pasaenmendoza.com\/index.php?rest_route=%2Fwp%2Fv2%2Fmedia&parent=7303"}],"wp:term":[{"taxonomy":"category","embeddable":true,"href":"https:\/\/pasaenmendoza.com\/index.php?rest_route=%2Fwp%2Fv2%2Fcategories&post=7303"},{"taxonomy":"post_tag","embeddable":true,"href":"https:\/\/pasaenmendoza.com\/index.php?rest_route=%2Fwp%2Fv2%2Ftags&post=7303"}],"curies":[{"name":"wp","href":"https:\/\/api.w.org\/{rel}","templated":true}]}}