{"id":7313,"date":"2024-05-06T23:44:29","date_gmt":"2024-05-06T21:44:29","guid":{"rendered":"https:\/\/pasaenmendoza.com\/?p=7313"},"modified":"2024-05-06T23:44:30","modified_gmt":"2024-05-06T21:44:30","slug":"registros-del-automotor-la-provincia-decidio-que-hara-con-un-pedido-de-nacion","status":"publish","type":"post","link":"https:\/\/pasaenmendoza.com\/?p=7313","title":{"rendered":"Registros del automotor: la Provincia decidi\u00f3 qu\u00e9 har\u00e1 con un pedido de Naci\u00f3n"},"content":{"rendered":"\n<p>La semana pasada, el gobierno nacional de&nbsp;<strong>Javier Milei&nbsp;<\/strong>decidi\u00f3 avanzar con la eliminaci\u00f3n del 40% de los&nbsp;<strong>registros del automotor&nbsp;<\/strong>de todo el pa\u00eds, con el objetivo de reducir costos y eliminar tr\u00e1mites burocr\u00e1ticos.<\/p>\n\n\n\n<p>Una vez conocida esta informaci\u00f3n, desde el Ejecutivo nacional invitaron a las provincias a sumarle a esta medida la adhesi\u00f3n de \u201c<em>baja de impuestos de Sellos y patentes provinciales\u201d<\/em>, porque buscan<mark>&nbsp;reducir los costos a la hora de inscribir un rodado, que es de casi el 70% del valor total de la transferencia, seg\u00fan Naci\u00f3n.<\/mark><\/p>\n\n\n\n<p>Desde la Provincia diferenciaron los componentes que componen los valores de las transferencias de veh\u00edculos y aseguraron que no \u201c<em>reaccionar\u00e1n<\/em>\u201d a lo&nbsp;<mark>solicitado por la administraci\u00f3n de&nbsp;<strong>Javier Milei<\/strong>, porque ya tienen una pol\u00edtica de reducci\u00f3n de sellos.<\/mark><\/p>\n\n\n\n<p><em>\u201cHay que comprender algo, el impuesto de patentes no tiene nada que ver con las transferencias de los veh\u00edculos. Es un impuesto que los titulares deben pagar por el simple hecho de utilizar las calles para circular. No incrementa ni disminuye el valor de una inscripci\u00f3n de un veh\u00edculo en el registro automotor\u201d<\/em>, explic\u00f3 el ministro de Hacienda y Finanzas, V\u00edctor Fayad.<\/p>\n\n\n\n<p>En tanto, con respecto a los sellos, Fayad detall\u00f3 que\u00a0la Provincia ya ven\u00eda realizando reducciones desde alg\u00fan tiempo atr\u00e1s, por lo que<em>\u00a0\u201cya hab\u00eda una pol\u00edtica de nuestro gobierno en este sentido\u201d.<\/em><\/p>\n\n\n\n<p><em>\u201cCada vez que encontramos un espacio para bajar impuestos lo hacemos. En este presupuesto redujimos lo que m\u00e1s se pudo en Sellos, por ejemplo, los alquileres dejaron de pagarlo y, en el caso del Automotor, bajamos la al\u00edcuota un 16%\u201d<\/em>, indic\u00f3 el funcionario.<\/p>\n\n\n\n<p>Actualmente,&nbsp;<mark>en lo que corresponde a Sellos en la inscripci\u00f3n de un cero kil\u00f3metro, se paga una al\u00edcuota del 2,5% (durante el 2023 era del 3%, es decir, una ca\u00edda del 16%). En tanto, con respecto a los autos usados, cay\u00f3 de 3% a un 1% ( un 66% menos).<\/mark><\/p>\n\n\n\n<p><em>\u201cEs una decisi\u00f3n pol\u00edtica. En el primer trimestre, la ca\u00edda en la recaudaci\u00f3n en t\u00e9rminos reales de Sellos fue del 31% y del impuesto Automotor del 17,7%. Sab\u00edamos que iba a pasar porque estamos en busca de poder reducir la presi\u00f3n tributaria de los mendocinos\u201d<\/em>, finaliz\u00f3 Fayad.<\/p>\n\n\n\n<h2 class=\"wp-block-heading\" id=\"h-las-medidas-nacionales\">Las medidas nacionales<\/h2>\n\n\n\n<p>En su decisi\u00f3n de reducir el 40% de los registros del automotor -empezando por los que est\u00e1n intervenidos m\u00e1s de 2 a\u00f1os-, el Gobierno nacional invit\u00f3 a las provincias a reducir las al\u00edcuotas de los impuestos vinculados a la inscripci\u00f3n de rodados.<\/p>\n\n\n\n<p><strong>A esto se le suman las siguientes medidas:<\/strong><\/p>\n\n\n\n<ul>\n<li>Reducir el 30% del personal de la Direcci\u00f3n de Registros Automotor, en el marco de un plan de retiros voluntarios y jubilaciones anticipadas.<\/li>\n\n\n\n<li>Eliminar el Certificado de Transferencia Automotor (CETA) que obligaba al ciudadano a reportar la venta de su veh\u00edculo a la AFIP.<\/li>\n\n\n\n<li>Eliminar la \u201cc\u00e9dula azul\u201d: A partir de mayo, cualquier persona podr\u00e1 circular dentro del territorio de la Rep\u00fablica Argentina con la sola exhibici\u00f3n -f\u00edsica o digital- de la c\u00e9dula verde del titular del autom\u00f3vil.<\/li>\n\n\n\n<li>Eliminar el vencimiento de todas las \u201cc\u00e9dulas verdes\u201d.<\/li>\n\n\n\n<li>Los titulares de los registros seccionales se har\u00e1n cargo del 100% de sus costos operativos. El Ministerio de Justicia podr\u00e1 controlar, en todo momento, la estructura de costos de los Encargados de Registros.<\/li>\n\n\n\n<li>Digitalizar la totalidad de los legajos de los veh\u00edculos, en todos sus tipos, para constituir un registro digital \u00fanico y completo, permitiendo la eliminaci\u00f3n de los legajos f\u00edsicos.<\/li>\n\n\n\n<li>Implementar un R\u00e9gimen de Concursos transparentes para impedir la contrataci\u00f3n de personas que hayan tenido cargos pol\u00edticos durante los \u00faltimos 10 a\u00f1os, sus familiares y aquellas personas que no acrediten los requisitos de idoneidad y experiencia en la actividad privada para cumplir tal funci\u00f3n.<\/li>\n\n\n\n<li>Auditar el sistema de fiscalizaci\u00f3n de los registros seccionales por la Subsecretar\u00eda de Asuntos Registrales.<\/li>\n\n\n\n<li>Derogar el r\u00e9gimen que impone el monopolio de la Casa de la Moneda en la compra de insumos. Ello permitir\u00e1 la libre competencia de oferentes, lo que se traducir\u00e1 en una mejora de precios.<\/li>\n\n\n\n<li>Digitalizar la verificaci\u00f3n policial de veh\u00edculos, en una agenda conjunta con las autoridades provinciales y las fuerzas federales.<\/li>\n\n\n\n<li>Aumentar significativamente el importe que obliga al ciudadano a informar al Estado el origen de los fondos para adquirir un veh\u00edculo.<\/li>\n<\/ul>\n\n\n\n<p><strong>Fuente: www.elsol.com.ar<\/strong><\/p>\n","protected":false},"excerpt":{"rendered":"<p>La semana pasada, el gobierno nacional de&nbsp;Javier Milei&nbsp;decidi\u00f3 avanzar con la eliminaci\u00f3n del 40% de los&nbsp;registros del automotor&nbsp;de todo el pa\u00eds, con el objetivo de reducir costos y eliminar tr\u00e1mites burocr\u00e1ticos. Una vez conocida esta informaci\u00f3n, desde el Ejecutivo nacional invitaron a las provincias a sumarle a esta medida la adhesi\u00f3n de \u201cbaja de impuestos [&hellip;]<\/p>\n","protected":false},"author":2,"featured_media":7314,"comment_status":"open","ping_status":"open","sticky":false,"template":"","format":"standard","meta":[],"categories":[50],"tags":[],"_links":{"self":[{"href":"https:\/\/pasaenmendoza.com\/index.php?rest_route=\/wp\/v2\/posts\/7313"}],"collection":[{"href":"https:\/\/pasaenmendoza.com\/index.php?rest_route=\/wp\/v2\/posts"}],"about":[{"href":"https:\/\/pasaenmendoza.com\/index.php?rest_route=\/wp\/v2\/types\/post"}],"author":[{"embeddable":true,"href":"https:\/\/pasaenmendoza.com\/index.php?rest_route=\/wp\/v2\/users\/2"}],"replies":[{"embeddable":true,"href":"https:\/\/pasaenmendoza.com\/index.php?rest_route=%2Fwp%2Fv2%2Fcomments&post=7313"}],"version-history":[{"count":1,"href":"https:\/\/pasaenmendoza.com\/index.php?rest_route=\/wp\/v2\/posts\/7313\/revisions"}],"predecessor-version":[{"id":7315,"href":"https:\/\/pasaenmendoza.com\/index.php?rest_route=\/wp\/v2\/posts\/7313\/revisions\/7315"}],"wp:featuredmedia":[{"embeddable":true,"href":"https:\/\/pasaenmendoza.com\/index.php?rest_route=\/wp\/v2\/media\/7314"}],"wp:attachment":[{"href":"https:\/\/pasaenmendoza.com\/index.php?rest_route=%2Fwp%2Fv2%2Fmedia&parent=7313"}],"wp:term":[{"taxonomy":"category","embeddable":true,"href":"https:\/\/pasaenmendoza.com\/index.php?rest_route=%2Fwp%2Fv2%2Fcategories&post=7313"},{"taxonomy":"post_tag","embeddable":true,"href":"https:\/\/pasaenmendoza.com\/index.php?rest_route=%2Fwp%2Fv2%2Ftags&post=7313"}],"curies":[{"name":"wp","href":"https:\/\/api.w.org\/{rel}","templated":true}]}}