{"id":7326,"date":"2024-05-07T14:17:33","date_gmt":"2024-05-07T12:17:33","guid":{"rendered":"https:\/\/pasaenmendoza.com\/?p=7326"},"modified":"2024-05-07T14:17:34","modified_gmt":"2024-05-07T12:17:34","slug":"con-cornejo-en-buenos-aires-este-martes-arranca-en-el-senado-el-tratamiento-de-la-ley-bases","status":"publish","type":"post","link":"https:\/\/pasaenmendoza.com\/?p=7326","title":{"rendered":"Con Cornejo en Buenos Aires, este martes arranca en el Senado el tratamiento de la Ley Bases"},"content":{"rendered":"\n<p>El gobierno nacional busca que la Ley Bases est\u00e9 aprobada antes del 25, cuando se pretende rubricar el pacto de mayo en C\u00f3rdoba<\/p>\n\n\n\n<p>El Senado iniciar\u00e1 este martes el\u00a0tratamiento en comisiones de la\u00a0<strong>Ley Bases\u00a0y el paquete fiscal<\/strong>, proyectos que obtuvieron la media sanci\u00f3n de la C\u00e1mara de Diputados, pero que ahora enfrentar\u00e1n un escenario de mayor adversidad. El gobernador\u00a0<strong>Alfredo Cornejo estar\u00e1 en Buenos Aires<\/strong>, informaron desde su entorno.<\/p>\n\n\n\n<p>Se especula que el mandatario provincial participe de una&nbsp;<strong>reuni\u00f3n con el bloque de la UCR<\/strong>&nbsp;y&nbsp;<strong>gobernadores<\/strong>&nbsp;de todo el pa\u00eds.<\/p>\n\n\n\n<p>El oficialismo buscar\u00e1 conseguir un&nbsp;<strong>dictamen de mayor\u00eda el pr\u00f3ximo jueves<\/strong>, para desembarcar en el recinto senatorial una semana m\u00e1s tarde, el 16, a pocos d\u00edas del&nbsp;<strong>Pacto de Mayo<\/strong>, convocado para el 25 en C\u00f3rdoba.<\/p>\n\n\n\n<p>Esa es la hoja de ruta ideal que baraja\u00a0<strong>La Libertad Avanza (LLA)<\/strong>, aunque para ello deber\u00e1 conseguir primero los despachos de comisi\u00f3n.<\/p>\n\n\n\n<h2 class=\"wp-block-heading\">Primera batalla: las comisiones<\/h2>\n\n\n\n<p>La discusi\u00f3n involucrar\u00e1 a las&nbsp;<strong>comisiones&nbsp;<\/strong>de Legislaci\u00f3n General, Asuntos Constitucionales, Presupuesto y Hacienda. Para defenderlos, fueron invitados funcionarios del gobierno nacional, entre ellos el ministro del Interior,&nbsp;<strong>Guillermo Francos<\/strong>, el vicejefe de gabinete,&nbsp;<strong>Jos\u00e9 Rolandi,<\/strong>&nbsp;y el secretario de Hacienda,&nbsp;<strong>Carlos Guberman.<\/strong><\/p>\n\n\n\n<p>La comisi\u00f3n de Legislaci\u00f3n General est\u00e1 encabezada por el presidente provisional del senado,&nbsp;<strong>Bartolom\u00e9 Abdala<\/strong>&nbsp;(San Luis); Presupuesto y Hacienda es conducida por&nbsp;<strong>Ezequiel Atauche<\/strong>&nbsp;(Jujuy); y Asuntos Constitucionales la dirige<strong>&nbsp;Edgardo Kueider<\/strong>&nbsp;(Entre R\u00edos).<\/p>\n\n\n\n<p>Abdala y Atauche son dos oficialistas, mientras que Kuieder compone el bloque Uni\u00f3n Federal, es decir, peronista no kirchnerista.<\/p>\n\n\n\n<p>La actividad continuar\u00e1 el mi\u00e9rcoles con las exposiciones del secretario de Energ\u00eda,&nbsp;<strong>Eduardo Rodr\u00edguez Chirillo<\/strong>, y el secretario de Trabajo,&nbsp;<strong>Julio Cordero<\/strong>. A su vez, se realizar\u00e1 la reuni\u00f3n, en solitario, de la comisi\u00f3n de Presupuesto por el paquete fiscal con Guberman.<\/p>\n\n\n\n<p>El paquete fiscal ya tiene un pie en diputados por la&nbsp;<strong>negativa de varios gobernadores patag\u00f3nicos a la restituci\u00f3n del impuesto a las Ganancias<\/strong>.<\/p>\n\n\n\n<p>En este contexto de cancha inclinada, el oficialismo, a trav\u00e9s de Francos, y de la vicepresidenta de la Naci\u00f3n y titular de la c\u00e1mara alta,<strong>\u00a0Victoria Villarruel<\/strong>, ya comenz\u00f3 con las negociaciones tanto con los presidentes de los bloques aliados como con los gobernadores, ya que varios de ellos mantienen fuerte influencia sobre sus senadores, pero no en todos. Kueider es un claro ejemplo de eso.<\/p>\n\n\n\n<h2 class=\"wp-block-heading\">Panorama complejo para el oficialismo desde el inicio<\/h2>\n\n\n\n<p>Si bien en las filas libertarias se muestran confiados, el&nbsp;<strong>oficialismo deber\u00e1 surfear primero las comisiones&nbsp;<\/strong>que se presentan como el gran obst\u00e1culo en las pr\u00f3ximas horas.<\/p>\n\n\n\n<p><strong>Presupuesto y Hacienda y Legislaci\u00f3n General<\/strong>&nbsp;son integradas por 17 senadores y en ambas el kirchnerismo cuenta con siete integrantes.<\/p>\n\n\n\n<p>En&nbsp;<strong>Asuntos Constitucionales<\/strong>&nbsp;son 19 y all\u00ed el kirchnerismo cuenta con ocho integrantes.<\/p>\n\n\n\n<p>La importancia de la composici\u00f3n de las comisiones reside en que&nbsp;<strong>en las tres se encuentran algunos senadores que todav\u00eda mantienen bajo la manga lo que har\u00e1n<\/strong>&nbsp;con respecto a la concesi\u00f3n de un dictamen de mayor\u00eda en favor de LLA, lo que habilitar\u00eda la discusi\u00f3n los mega proyectos en el hemiciclo senatorial.<\/p>\n\n\n\n<p>En Asuntos aparece la zigzagueante&nbsp;<strong>Lucila Crexell (Neuqu\u00e9n<\/strong>) y el radical&nbsp;<strong>Pablo Blanco (Tierra del Fuego)<\/strong>, que viene de rechazar el DNU. En Legislaci\u00f3n General est\u00e1n, adem\u00e1s de&nbsp;<strong>Crexell&nbsp;<\/strong>y&nbsp;<strong>Blanco<\/strong>,&nbsp;<strong>Kueider<\/strong>, que ya manifest\u00f3 que no votar\u00e1 a &#8220;libro cerrado&#8221;.<\/p>\n\n\n\n<p>A estos se suma la inc\u00f3gnita de la misionera&nbsp;<strong>Sonia Rojas Decut<\/strong>&nbsp;y el santacruce\u00f1o&nbsp;<strong>Jos\u00e9 Mar\u00eda Carambia<\/strong>.<\/p>\n\n\n\n<p>En tanto, en Presupuesto y Hacienda repite Blanco y se suma el senador y presidente de la UCR,&nbsp;<strong>Mart\u00edn Lousteau<\/strong>, quien tambi\u00e9n vot\u00f3 contra el DNU de Milei e hizo caminar por la cuerda floja el pliego del rabino del presidente, Axel Wahnish, designado como embajador argentino en Israel hace algunas semanas.<\/p>\n\n\n\n<p>Con ese escenario, se espera una\u00a0<strong>acalorada discusi\u00f3n en comisiones<\/strong>, con el objetivo de llegar a acuerdos e impulsar el avance de los distintos temas.<\/p>\n\n\n\n<p>FUENTE: Diariouno.com.ar <\/p>\n","protected":false},"excerpt":{"rendered":"<p>El gobierno nacional busca que la Ley Bases est\u00e9 aprobada antes del 25, cuando se pretende rubricar el pacto de mayo en C\u00f3rdoba El Senado iniciar\u00e1 este martes el\u00a0tratamiento en comisiones de la\u00a0Ley Bases\u00a0y el paquete fiscal, proyectos que obtuvieron la media sanci\u00f3n de la C\u00e1mara de Diputados, pero que ahora enfrentar\u00e1n un escenario de [&hellip;]<\/p>\n","protected":false},"author":2,"featured_media":7327,"comment_status":"open","ping_status":"open","sticky":true,"template":"","format":"standard","meta":[],"categories":[47],"tags":[],"_links":{"self":[{"href":"https:\/\/pasaenmendoza.com\/index.php?rest_route=\/wp\/v2\/posts\/7326"}],"collection":[{"href":"https:\/\/pasaenmendoza.com\/index.php?rest_route=\/wp\/v2\/posts"}],"about":[{"href":"https:\/\/pasaenmendoza.com\/index.php?rest_route=\/wp\/v2\/types\/post"}],"author":[{"embeddable":true,"href":"https:\/\/pasaenmendoza.com\/index.php?rest_route=\/wp\/v2\/users\/2"}],"replies":[{"embeddable":true,"href":"https:\/\/pasaenmendoza.com\/index.php?rest_route=%2Fwp%2Fv2%2Fcomments&post=7326"}],"version-history":[{"count":1,"href":"https:\/\/pasaenmendoza.com\/index.php?rest_route=\/wp\/v2\/posts\/7326\/revisions"}],"predecessor-version":[{"id":7328,"href":"https:\/\/pasaenmendoza.com\/index.php?rest_route=\/wp\/v2\/posts\/7326\/revisions\/7328"}],"wp:featuredmedia":[{"embeddable":true,"href":"https:\/\/pasaenmendoza.com\/index.php?rest_route=\/wp\/v2\/media\/7327"}],"wp:attachment":[{"href":"https:\/\/pasaenmendoza.com\/index.php?rest_route=%2Fwp%2Fv2%2Fmedia&parent=7326"}],"wp:term":[{"taxonomy":"category","embeddable":true,"href":"https:\/\/pasaenmendoza.com\/index.php?rest_route=%2Fwp%2Fv2%2Fcategories&post=7326"},{"taxonomy":"post_tag","embeddable":true,"href":"https:\/\/pasaenmendoza.com\/index.php?rest_route=%2Fwp%2Fv2%2Ftags&post=7326"}],"curies":[{"name":"wp","href":"https:\/\/api.w.org\/{rel}","templated":true}]}}