{"id":7329,"date":"2024-05-07T14:37:01","date_gmt":"2024-05-07T12:37:01","guid":{"rendered":"https:\/\/pasaenmendoza.com\/?p=7329"},"modified":"2024-05-07T14:37:02","modified_gmt":"2024-05-07T12:37:02","slug":"martes-con-alerta-por-viento-y-tormentas-aisladas","status":"publish","type":"post","link":"https:\/\/pasaenmendoza.com\/?p=7329","title":{"rendered":"Martes con alerta por viento y tormentas aisladas"},"content":{"rendered":"\n<p><strong>Este martes tendremos una jornada muy h\u00fameda, ventosa y hasta con lluvia.&nbsp;<\/strong><\/p>\n\n\n\n<p>Seg\u00fan el&nbsp;<strong>Servicio Meteorol\u00f3gico Nacional (SMN)<\/strong>, en el Gran Mendoza, la temperatura&nbsp;<strong>m\u00e1xima llegar\u00e1 hoy a los 19\u00b0<\/strong>. El cielo est\u00e1 parcialmente nublado.<\/p>\n\n\n\n<p>Hay&nbsp;<strong>alerta amarilla por viento del noroeste (no Zonda)&nbsp;<\/strong>para las horas de la tarde y hasta la madrugada de ma\u00f1ana en todo el territorio de la provincia.<\/p>\n\n\n\n<p>Adem\u00e1s. se prev\u00e9n algunas tormentas aisladas durante la noche en el Gran Mendoza.&nbsp;<\/p>\n\n\n\n<p>Para ma\u00f1ana mi\u00e9rcoles se espera descenso de temperatura con m\u00e1xima de\u00a015<strong>\u00b0\u00a0<\/strong>y cielo parcialmente nublado.<\/p>\n\n\n\n<p>El resto de la semana permanecer\u00e1 con cielo parcialmente nublado a despejado y tiempo fresco. \u00a0<\/p>\n\n\n\n<p><strong>Fuente: www.mendozapost.com<\/strong><\/p>\n","protected":false},"excerpt":{"rendered":"<p>Este martes tendremos una jornada muy h\u00fameda, ventosa y hasta con lluvia.&nbsp; Seg\u00fan el&nbsp;Servicio Meteorol\u00f3gico Nacional (SMN), en el Gran Mendoza, la temperatura&nbsp;m\u00e1xima llegar\u00e1 hoy a los 19\u00b0. El cielo est\u00e1 parcialmente nublado. Hay&nbsp;alerta amarilla por viento del noroeste (no Zonda)&nbsp;para las horas de la tarde y hasta la madrugada de ma\u00f1ana en todo el [&hellip;]<\/p>\n","protected":false},"author":2,"featured_media":7330,"comment_status":"open","ping_status":"open","sticky":false,"template":"","format":"standard","meta":[],"categories":[52],"tags":[],"_links":{"self":[{"href":"https:\/\/pasaenmendoza.com\/index.php?rest_route=\/wp\/v2\/posts\/7329"}],"collection":[{"href":"https:\/\/pasaenmendoza.com\/index.php?rest_route=\/wp\/v2\/posts"}],"about":[{"href":"https:\/\/pasaenmendoza.com\/index.php?rest_route=\/wp\/v2\/types\/post"}],"author":[{"embeddable":true,"href":"https:\/\/pasaenmendoza.com\/index.php?rest_route=\/wp\/v2\/users\/2"}],"replies":[{"embeddable":true,"href":"https:\/\/pasaenmendoza.com\/index.php?rest_route=%2Fwp%2Fv2%2Fcomments&post=7329"}],"version-history":[{"count":1,"href":"https:\/\/pasaenmendoza.com\/index.php?rest_route=\/wp\/v2\/posts\/7329\/revisions"}],"predecessor-version":[{"id":7331,"href":"https:\/\/pasaenmendoza.com\/index.php?rest_route=\/wp\/v2\/posts\/7329\/revisions\/7331"}],"wp:featuredmedia":[{"embeddable":true,"href":"https:\/\/pasaenmendoza.com\/index.php?rest_route=\/wp\/v2\/media\/7330"}],"wp:attachment":[{"href":"https:\/\/pasaenmendoza.com\/index.php?rest_route=%2Fwp%2Fv2%2Fmedia&parent=7329"}],"wp:term":[{"taxonomy":"category","embeddable":true,"href":"https:\/\/pasaenmendoza.com\/index.php?rest_route=%2Fwp%2Fv2%2Fcategories&post=7329"},{"taxonomy":"post_tag","embeddable":true,"href":"https:\/\/pasaenmendoza.com\/index.php?rest_route=%2Fwp%2Fv2%2Ftags&post=7329"}],"curies":[{"name":"wp","href":"https:\/\/api.w.org\/{rel}","templated":true}]}}