{"id":7341,"date":"2024-05-07T23:57:59","date_gmt":"2024-05-07T21:57:59","guid":{"rendered":"https:\/\/pasaenmendoza.com\/?p=7341"},"modified":"2024-05-07T23:58:00","modified_gmt":"2024-05-07T21:58:00","slug":"autam-afirmo-que-el-transporte-publico-funcionara-al-60-el-jueves-por-el-paro-general-de-la-cgt","status":"publish","type":"post","link":"https:\/\/pasaenmendoza.com\/?p=7341","title":{"rendered":"AUTAM afirm\u00f3 que el transporte p\u00fablico funcionar\u00e1 al 60% el jueves por el paro general de la CGT"},"content":{"rendered":"\n<p>Este jueves 9 de mayo se desarrollar\u00e1 un nuevo paro nacional contra el gobierno de Javier Milei y en Mendoza uno de los gremios que se adherir\u00e1 es el de los choferes de transporte p\u00fablico. Por tal raz\u00f3n, la Asociaci\u00f3n Unida Transporte Automotor\u00a0<strong>(AUTAM)<\/strong>\u00a0comunic\u00f3 que\u00a0<strong>sus unidades funcionar\u00e1n al 60%<\/strong>.<\/p>\n\n\n\n<p>En el parte de prensa, aseguraron que las empresas que tienen la concesi\u00f3n del transporte p\u00fablico en Mendoza garantizar\u00e1n el servicio para los trabajadores, los estudiantes y los docentes y agregaron que las unidades comenzar\u00e1n a salir a las 6 y lo har\u00e1n hasta las 24.<\/p>\n\n\n\n<p>El primer paro general que se produjo el pasado 24 de enero, los colectivos circularon con total normalidad.<\/p>\n\n\n\n<figure class=\"wp-block-image\"><img decoding=\"async\" src=\"https:\/\/media.diariouno.com.ar\/p\/ec6b795b8d54d7ebc1f21b64fb0ca6f7\/adjuntos\/298\/imagenes\/009\/333\/0009333218\/1200x0\/smart\/comunicado-autamjpg.jpg\" alt=\"\" title=\"\"\/><\/figure>\n\n\n\n<p>La prestaci\u00f3n contempla el servicio en el Gran Mendoza, como en larga y media distancia.<\/p>\n\n\n\n<p>Por su parte, el secretario gremial del&nbsp;<strong>Sindicato del Personal de Micros y Omnibus de Mendoza<\/strong>, (SIPEMOM)&nbsp;<strong>Jos\u00e9 Micca,<\/strong>&nbsp;explic\u00f3: &#8220;Los compa\u00f1eros est\u00e1n en libertad de adherirse o trabajar este jueves. La diferencia con el anterior paro (del 24 de enero) era que comenzaba a las 19,30 e \u00edbamos a afectar a la gente y a los estudiantes a esa hora, por eso funcion\u00f3 con normalidad anteriormente&#8221;.<\/p>\n\n\n\n<p>Y agreg\u00f3 &#8220;No sabemos c\u00f3mo va a ser el grado de acompa\u00f1amiento a la medida. Hay muchos choferes que quieren desempe\u00f1arse y como gremio democr\u00e1tico est\u00e1n en su derecho de hacerlo&#8221;.<\/p>\n\n\n\n<h2 class=\"wp-block-heading\">El paro general de la CGT para este 9 de mayo<\/h2>\n\n\n\n<p>El cosecretario general de la&nbsp;<strong>CGT Pablo Moyano<\/strong>&nbsp;subray\u00f3 que el paro general del jueves es&nbsp;<strong>un mensaje a los senadores<\/strong>&nbsp;<strong>nacionales para que voten contra la Ley Bases&nbsp;<\/strong>y que &#8220;de una vez por todas se caiga&#8221; la iniciativa libertaria.<\/p>\n\n\n\n<p>&#8220;Va a ser un paro total de actividades. Es una forma de decirle a los senadores, especialmente a los que est\u00e1n dudando su voto, que no se puede llevar adelante una ley que va en contra de los jubilados, los trabajadores, los recursos naturales, las empresas del Estado&#8221;, sostuvo el referente camionero.<\/p>\n\n\n\n<p>En declaraciones radiales, el dirigente sindical critic\u00f3 el &#8220;modelo econ\u00f3mico de recesi\u00f3n&#8221; y afirm\u00f3 que desde la Casa Rosada se impulsan &#8220;todas medidas en contra de la gran mayor\u00eda de los argentinos&#8221;.<\/p>\n\n\n\n<p>A falta de 48 horas para el segundo paro general contra el gobierno del presidente Javier Milei, Pablo Moyano se\u00f1al\u00f3 que &#8220;est\u00e1n todas las fichas jugadas&#8221;, por lo que remarc\u00f3 que buscar\u00e1n que &#8220;de una vez por todas se caiga esta ley&#8221;, en alusi\u00f3n a la Ley Bases.<\/p>\n\n\n\n<p>&#8220;La conflictividad social va creciendo, las movilizaciones son cada vez m\u00e1s multitudinarias, m\u00e1s all\u00e1 de qui\u00e9n las convoque. Seguramente el d\u00eda en que se trate (la Ley Bases) en el Senado habr\u00e1 movilizaciones de distintos sectores de la sociedad&#8221;, indic\u00f3.<\/p>\n\n\n\n<p><strong>Fuente: www.diariouno.com.ar<\/strong><\/p>\n","protected":false},"excerpt":{"rendered":"<p>Este jueves 9 de mayo se desarrollar\u00e1 un nuevo paro nacional contra el gobierno de Javier Milei y en Mendoza uno de los gremios que se adherir\u00e1 es el de los choferes de transporte p\u00fablico. Por tal raz\u00f3n, la Asociaci\u00f3n Unida Transporte Automotor\u00a0(AUTAM)\u00a0comunic\u00f3 que\u00a0sus unidades funcionar\u00e1n al 60%. En el parte de prensa, aseguraron que [&hellip;]<\/p>\n","protected":false},"author":2,"featured_media":7342,"comment_status":"open","ping_status":"open","sticky":false,"template":"","format":"standard","meta":[],"categories":[99],"tags":[],"_links":{"self":[{"href":"https:\/\/pasaenmendoza.com\/index.php?rest_route=\/wp\/v2\/posts\/7341"}],"collection":[{"href":"https:\/\/pasaenmendoza.com\/index.php?rest_route=\/wp\/v2\/posts"}],"about":[{"href":"https:\/\/pasaenmendoza.com\/index.php?rest_route=\/wp\/v2\/types\/post"}],"author":[{"embeddable":true,"href":"https:\/\/pasaenmendoza.com\/index.php?rest_route=\/wp\/v2\/users\/2"}],"replies":[{"embeddable":true,"href":"https:\/\/pasaenmendoza.com\/index.php?rest_route=%2Fwp%2Fv2%2Fcomments&post=7341"}],"version-history":[{"count":1,"href":"https:\/\/pasaenmendoza.com\/index.php?rest_route=\/wp\/v2\/posts\/7341\/revisions"}],"predecessor-version":[{"id":7343,"href":"https:\/\/pasaenmendoza.com\/index.php?rest_route=\/wp\/v2\/posts\/7341\/revisions\/7343"}],"wp:featuredmedia":[{"embeddable":true,"href":"https:\/\/pasaenmendoza.com\/index.php?rest_route=\/wp\/v2\/media\/7342"}],"wp:attachment":[{"href":"https:\/\/pasaenmendoza.com\/index.php?rest_route=%2Fwp%2Fv2%2Fmedia&parent=7341"}],"wp:term":[{"taxonomy":"category","embeddable":true,"href":"https:\/\/pasaenmendoza.com\/index.php?rest_route=%2Fwp%2Fv2%2Fcategories&post=7341"},{"taxonomy":"post_tag","embeddable":true,"href":"https:\/\/pasaenmendoza.com\/index.php?rest_route=%2Fwp%2Fv2%2Ftags&post=7341"}],"curies":[{"name":"wp","href":"https:\/\/api.w.org\/{rel}","templated":true}]}}