{"id":7353,"date":"2024-05-08T16:37:22","date_gmt":"2024-05-08T14:37:22","guid":{"rendered":"https:\/\/pasaenmendoza.com\/?p=7353"},"modified":"2024-05-08T16:37:23","modified_gmt":"2024-05-08T14:37:23","slug":"arde-el-pro-en-mendoza-y-no-se-sabe-si-se-podran-hacer-las-elecciones","status":"publish","type":"post","link":"https:\/\/pasaenmendoza.com\/?p=7353","title":{"rendered":"Arde el PRO en Mendoza y no se sabe si se podr\u00e1n hacer las elecciones"},"content":{"rendered":"\n<p>El punto m\u00e1s \u00e1lgido del conflicto fue porque la Junta Electoral de Mendoza baj\u00f3 la lista encabezada por Gabriel Pradines y casi todas las listas departamentales.<\/p>\n\n\n\n<p>El hist\u00f3rico enfrentamiento entre\u00a0<strong>Hebe Casado<\/strong>\u00a0y Omar De Marchi tiene un nuevo cap\u00edtulo en la elecci\u00f3n de autoridades del\u00a0<strong>PRO\u00a0<\/strong>de Mendoza. Esta vez, entre los dos bandos se sacaron chispas que amenazan con hacer arder el partido y ponen en duda el cumplimiento del calendario electoral, que fija el 2 de junio como la fecha de los comicios internos.<\/p>\n\n\n\n<p>Con los avales y las listas presentadas, quedaron en carrera a nivel provincial\u00a0<strong>Hebe Casado<\/strong>\u00a0y\u00a0<strong>Gabriel Pradines\u00a0<\/strong>con las listas Amarilla y Propuesta Federal, respectivamente. La sanrafaelina present\u00f3 lista en todos los departamentos menos en Tupungato y el guaymallino cubri\u00f3 todos los departamentos, excepto San Carlos.<\/p>\n\n\n\n<p>A partir de ese momento, empez\u00f3 el fuego cruzado con impugnaciones que deb\u00edan resolverse ante la Junta Electoral de Mendoza. Desde el sector demarchista denunciaron que\u00a0<strong>Hebe Casado<\/strong>\u00a0no present\u00f3 la lista en formato digital, que\u00a0estaba incompleta, que algunos avales no eran correctos y que no se cumpli\u00f3 con el cupo de j\u00f3venes y femenino. Por su parte, desde la lista Amarilla de\u00a0<strong>Hebe Casado<\/strong>\u00a0denunciaron avales falsos, que la pericia caligr\u00e1fica corrobor\u00f3 que una sola persona complet\u00f3 y firm\u00f3 los todos los avales de una ficha y\u00a0que no se contestaron en tiempo y forma las apelaciones.<\/p>\n\n\n\n<p>La pr\u00f3xima fecha importante del calendario electoral se cumple el 10 de mayo cuando deben oficializarse y publicarse las listas. Sin embargo, la Junta Electoral del\u00a0<strong>PRO\u00a0<\/strong>de Mendoza decidi\u00f3 adelantarse y el viernes pasado oficializaron las listas que estaban en condiciones de participar y promulgaron las que eran \u00fanicas.\u00a0<\/p>\n\n\n\n<p>El punto m\u00e1s \u00e1lgido del conflicto fue ese d\u00eda porque la Junta Electoral de Mendoza baj\u00f3 la lista encabezada por\u00a0<strong>Gabriel Pradines<\/strong>\u00a0y casi todas las listas departamentales demarchistas. Sin embargo, desde el sector de Omar De Marchi no se quedaron de brazos cruzados y acudieron a la Junta Electoral Nacional. Esa misma noche desde Buenos Aires anularon las resoluciones y actas de la Junta Electoral de Mendoza y le dieron 72 horas para revisar la documentaci\u00f3n de las dos listas y ajustarse a los requisitos de la carta org\u00e1nica del\u00a0<strong>Pro\u00a0<\/strong>y a la normativa electoral.<\/p>\n\n\n\n<p>Cuando la resoluci\u00f3n especial de Buenos Aires lleg\u00f3 a Mendoza, la presidenta de la Junta Electoral, Nuria Olivera, contest\u00f3 por escrito. \u201cPara nosotros la resoluci\u00f3n es falaz y maliciosa. Contestamos que mantenemos y defendemos las actas que hemos labrado y que vamos a seguir con el proceso electoral seg\u00fan el cronograma vigente\u201d, explic\u00f3 Olivera.&nbsp;<\/p>\n\n\n\n<p>\u201cHay un exceso en las atribuciones de las Junta Electoral Nacional. Ellos aseguran que toman conocimiento cuando no hay un solo recurso interpuesto en Mendoza, quieren declarar todas las actas nulas, que haga todas la resoluciones de nuevo y que vuelva atr\u00e1s el proceso\u201d, agreg\u00f3 la alvearense.<\/p>\n\n\n\n<p>Por su parte,&nbsp;<strong>Gabriel Pradines<\/strong>&nbsp;asegur\u00f3 que ellos quieren competir. \u201cLa Junta Nacional decidi\u00f3 que se subsanen todos los problemas de las listas y que se compita. Que todo se corrija y se compita. La orden ya fue comunicada\u201d.<\/p>\n\n\n\n<p>El enfrentamiento continu\u00f3 en la Justicia Electoral Nacional porque los apoderados de la lista de&nbsp;<strong>Hebe Casado<\/strong>&nbsp;presentaron un recurso para que el juez federal Pablo Quir\u00f3s para que resuelva si la Junta Nacional tiene competencia y si se debe acatar la resoluci\u00f3n.&nbsp;<\/p>\n\n\n\n<h2 class=\"wp-block-heading\">\u00bfHebe Casado presidenta del Pro en Mendoza?<\/h2>\n\n\n\n<p>Si el calendario electoral se cumple y se respetan las decisiones de la Junta Electoral local, el 2 de junio&nbsp;<strong>Hebe Casado&nbsp;<\/strong>ser\u00e1 la presidenta del&nbsp;<strong>Pro&nbsp;<\/strong>de Mendoza porque es la \u00fanica lista oficializada y promulgada a nivel provincial.&nbsp;<\/p>\n\n\n\n<p>Pero el terreno est\u00e1 muy embarrado y todav\u00eda falta la respuesta de la Justicia Federal. En el caso de que Quir\u00f3s le d\u00e9 el visto bueno a la resoluci\u00f3n de Buenos Aires, en Mendoza se deber\u00e1 dar marcha atr\u00e1s el proceso electoral y volver al momento de la presentaci\u00f3n de la listas. Probablemente, se fije un nuevo calendario electoral y el nuevo presidente del\u00a0<strong>Pro<\/strong>\u00a0de Mendoza se dirima en las urnas.\u00a0<\/p>\n\n\n\n<p>Otro escenario es que las elecciones se suspendan, el partido contin\u00fae intervenido y se llame a elecciones en otro momento. \u201cAhora estamos en un h\u00edbrido, la lista de&nbsp;<strong>Hebe Casado<\/strong>&nbsp;est\u00e1 promulgada e ir\u00edamos a elecciones en algunos departamentos y en algunas categor\u00edas. Como la resoluci\u00f3n nacional no tiene efecto suspensivo podemos avanzar pero hay que esperar a que resuelva&nbsp;el juez\u201d, dijo Olivera.&nbsp;<\/p>\n\n\n\n<h2 class=\"wp-block-heading\">Mauricio Macri y el mandato de ir a elecciones<\/h2>\n\n\n\n<p>Todos los sectores coinciden en una sola premisa, el mandato de Mauricio Macri de ir a las urnas para elegir a los presidentes del partido en las provincias. De esta forma se busca legitimar las instituciones y volver a las bases, en pocas palabras fortalecer la estructura partidaria.\u00a0<\/p>\n\n\n\n<p>\u201cDesde el&nbsp;<strong>Pro&nbsp;<\/strong>nacional van a hacer todo lo posible para que todos los que se presentaron lleguen a las urnas. Mauricio Macri quiere que se compita para que el partido recupere su institucionalidad\u201d, aseguraron.&nbsp;<\/p>\n\n\n\n<h2 class=\"wp-block-heading\">Una voz neutral&nbsp;<\/h2>\n\n\n\n<p>La diputada provincial Sol Salinas no alcanz\u00f3 a reunir los requisitos para presentar su propia lista pero tuvo las intenciones de liderar el sector joven. Para ella las dos listas representan los viejos vicios de la pol\u00edtica.\u00a0<\/p>\n\n\n\n<p>\u201cSolo hay un cambio de roles, pero la situaci\u00f3n es la misma: no querer que haya internas en el partido. Los actores vienen de la misma escuela, son del Partido Dem\u00f3crata con las mismas ma\u00f1as. Tanto del sector de&nbsp;<strong>Hebe Casado<\/strong>&nbsp;como del de Omar De Marchi vienen de la misma escuela\u201d, dijo la exconcejal de Capital.&nbsp;<\/p>\n\n\n\n<p>\u201cEspero que haya internas, que cualquiera de los dos sectores lidere y que el\u00a0<strong>Pro\u00a0<\/strong>vuelva a ser una instituci\u00f3n con sus \u00f3rganos funcionando y que sobre todo dejen de usar a la Justicia Federal para dirimir problemas que se tienen que resolver en las urnas\u201d, agreg\u00f3.\u00a0<\/p>\n\n\n\n<p>FUENTE: MDZonline.<\/p>\n","protected":false},"excerpt":{"rendered":"<p>El punto m\u00e1s \u00e1lgido del conflicto fue porque la Junta Electoral de Mendoza baj\u00f3 la lista encabezada por Gabriel Pradines y casi todas las listas departamentales. El hist\u00f3rico enfrentamiento entre\u00a0Hebe Casado\u00a0y Omar De Marchi tiene un nuevo cap\u00edtulo en la elecci\u00f3n de autoridades del\u00a0PRO\u00a0de Mendoza. Esta vez, entre los dos bandos se sacaron chispas que [&hellip;]<\/p>\n","protected":false},"author":2,"featured_media":7354,"comment_status":"open","ping_status":"open","sticky":true,"template":"","format":"standard","meta":[],"categories":[59],"tags":[],"_links":{"self":[{"href":"https:\/\/pasaenmendoza.com\/index.php?rest_route=\/wp\/v2\/posts\/7353"}],"collection":[{"href":"https:\/\/pasaenmendoza.com\/index.php?rest_route=\/wp\/v2\/posts"}],"about":[{"href":"https:\/\/pasaenmendoza.com\/index.php?rest_route=\/wp\/v2\/types\/post"}],"author":[{"embeddable":true,"href":"https:\/\/pasaenmendoza.com\/index.php?rest_route=\/wp\/v2\/users\/2"}],"replies":[{"embeddable":true,"href":"https:\/\/pasaenmendoza.com\/index.php?rest_route=%2Fwp%2Fv2%2Fcomments&post=7353"}],"version-history":[{"count":1,"href":"https:\/\/pasaenmendoza.com\/index.php?rest_route=\/wp\/v2\/posts\/7353\/revisions"}],"predecessor-version":[{"id":7367,"href":"https:\/\/pasaenmendoza.com\/index.php?rest_route=\/wp\/v2\/posts\/7353\/revisions\/7367"}],"wp:featuredmedia":[{"embeddable":true,"href":"https:\/\/pasaenmendoza.com\/index.php?rest_route=\/wp\/v2\/media\/7354"}],"wp:attachment":[{"href":"https:\/\/pasaenmendoza.com\/index.php?rest_route=%2Fwp%2Fv2%2Fmedia&parent=7353"}],"wp:term":[{"taxonomy":"category","embeddable":true,"href":"https:\/\/pasaenmendoza.com\/index.php?rest_route=%2Fwp%2Fv2%2Fcategories&post=7353"},{"taxonomy":"post_tag","embeddable":true,"href":"https:\/\/pasaenmendoza.com\/index.php?rest_route=%2Fwp%2Fv2%2Ftags&post=7353"}],"curies":[{"name":"wp","href":"https:\/\/api.w.org\/{rel}","templated":true}]}}