{"id":7358,"date":"2024-05-08T15:31:51","date_gmt":"2024-05-08T13:31:51","guid":{"rendered":"https:\/\/pasaenmendoza.com\/?p=7358"},"modified":"2024-05-08T15:31:52","modified_gmt":"2024-05-08T13:31:52","slug":"un-hombre-murio-tras-ser-atropellado-por-un-rastrojero-en-el-acceso-este","status":"publish","type":"post","link":"https:\/\/pasaenmendoza.com\/?p=7358","title":{"rendered":"Un hombre muri\u00f3 tras ser atropellado por un rastrojero en el Acceso Este"},"content":{"rendered":"\n<p>Un joven de 36 a\u00f1os&nbsp;<mark>muri\u00f3 tras ser atropellado por un rastrojero<\/mark>&nbsp;este martes por la noche frente a la conocida \u201cFeria La Banana\u201d, en Beltr\u00e1n, Maip\u00fa.<\/p>\n\n\n\n<p>De acuerdo con el testimonio de varios testigos, el joven habr\u00eda descendido de un Volkswagen Vento color blanco que hab\u00eda estacionado en el separador de ambos carriles, frente a un gimnasio.&nbsp;<mark>Aparentemente, cruz\u00f3 la calle corriendo y all\u00ed fue arrollado por el rodado<\/mark>&nbsp;que se desplazaba por el lateral Sur con direcci\u00f3n al oeste.<\/p>\n\n\n\n<p>Personal del&nbsp;<strong>Servicio de Emergencias Coordinado (SEC)<\/strong>&nbsp;se hizo presente en el lugar y constat\u00f3 que el hombre hab\u00eda fallecido.<\/p>\n\n\n\n<p>Si bien a\u00fan no se determinaron las causas del siniestro,\u00a0<mark>se report\u00f3 que en ese momento la visibilidad en el lugar era de escasa a nula.<\/mark><\/p>\n\n\n\n<p>Asimismo, trascendi\u00f3 que\u00a0<mark>el veh\u00edculo que provoc\u00f3 la tragedia no contaba con la Revisi\u00f3n T\u00e9cnica Obligatoria (RTO).\u00a0<\/mark>En tanto, el dosaje de alcohol en sangre del conductor, de 34 a\u00f1os, dio negativo.<\/p>\n\n\n\n<p><strong>Fuente: www.elsol.com.ar<\/strong><\/p>\n","protected":false},"excerpt":{"rendered":"<p>Un joven de 36 a\u00f1os&nbsp;muri\u00f3 tras ser atropellado por un rastrojero&nbsp;este martes por la noche frente a la conocida \u201cFeria La Banana\u201d, en Beltr\u00e1n, Maip\u00fa. De acuerdo con el testimonio de varios testigos, el joven habr\u00eda descendido de un Volkswagen Vento color blanco que hab\u00eda estacionado en el separador de ambos carriles, frente a un [&hellip;]<\/p>\n","protected":false},"author":2,"featured_media":7359,"comment_status":"open","ping_status":"open","sticky":false,"template":"","format":"standard","meta":[],"categories":[48],"tags":[],"_links":{"self":[{"href":"https:\/\/pasaenmendoza.com\/index.php?rest_route=\/wp\/v2\/posts\/7358"}],"collection":[{"href":"https:\/\/pasaenmendoza.com\/index.php?rest_route=\/wp\/v2\/posts"}],"about":[{"href":"https:\/\/pasaenmendoza.com\/index.php?rest_route=\/wp\/v2\/types\/post"}],"author":[{"embeddable":true,"href":"https:\/\/pasaenmendoza.com\/index.php?rest_route=\/wp\/v2\/users\/2"}],"replies":[{"embeddable":true,"href":"https:\/\/pasaenmendoza.com\/index.php?rest_route=%2Fwp%2Fv2%2Fcomments&post=7358"}],"version-history":[{"count":1,"href":"https:\/\/pasaenmendoza.com\/index.php?rest_route=\/wp\/v2\/posts\/7358\/revisions"}],"predecessor-version":[{"id":7360,"href":"https:\/\/pasaenmendoza.com\/index.php?rest_route=\/wp\/v2\/posts\/7358\/revisions\/7360"}],"wp:featuredmedia":[{"embeddable":true,"href":"https:\/\/pasaenmendoza.com\/index.php?rest_route=\/wp\/v2\/media\/7359"}],"wp:attachment":[{"href":"https:\/\/pasaenmendoza.com\/index.php?rest_route=%2Fwp%2Fv2%2Fmedia&parent=7358"}],"wp:term":[{"taxonomy":"category","embeddable":true,"href":"https:\/\/pasaenmendoza.com\/index.php?rest_route=%2Fwp%2Fv2%2Fcategories&post=7358"},{"taxonomy":"post_tag","embeddable":true,"href":"https:\/\/pasaenmendoza.com\/index.php?rest_route=%2Fwp%2Fv2%2Ftags&post=7358"}],"curies":[{"name":"wp","href":"https:\/\/api.w.org\/{rel}","templated":true}]}}