{"id":736,"date":"2023-08-16T14:29:19","date_gmt":"2023-08-16T12:29:19","guid":{"rendered":"https:\/\/pasaenmendoza.com\/?p=736"},"modified":"2023-08-16T14:29:20","modified_gmt":"2023-08-16T12:29:20","slug":"para-el-sector-vitivinicola-la-devaluacion-post-paso-se-llevo-puesto-al-dolar-agro","status":"publish","type":"post","link":"https:\/\/pasaenmendoza.com\/?p=736","title":{"rendered":"Para el sector vitivin\u00edcola, la devaluaci\u00f3n post PASO se llev\u00f3 puesto al d\u00f3lar agro"},"content":{"rendered":"\n<p>Luego de una nueva devaluaci\u00f3n del tipo de cambio oficial, el d\u00f3lar para las econom\u00edas regionales se desdibuj\u00f3. As\u00ed lo confirmaron desde la Corporaci\u00f3n Vitivin\u00edcola Argentina (COVIAR)<\/p>\n\n\n\n<p>En la\u00a0<strong>Corporaci\u00f3n Vitivin\u00edcola Argentina (COVIAR)<\/strong>\u00a0sienten que la devaluaci\u00f3n que anunci\u00f3 el gobierno nacional despu\u00e9s de las elecciones\u00a0<strong>PASO 2023<\/strong>\u00a0desdibuj\u00f3 completamente al tan promocionado\u00a0<strong>d\u00f3lar agro,<\/strong>\u00a0que ofrec\u00eda un tipo de cambio preferencial\u00a0para las econom\u00edas regionales. As\u00ed lo confirm\u00f3 a\u00a0<strong>Mario Gonz\u00e1lez<\/strong>, presidente de la entidad.<\/p>\n\n\n\n<p>Su postura es comprensible: este martes,&nbsp;<strong>el d\u00f3lar oficial estaba a $356 pesos para la compra y $366 para la venta, mientras que el d\u00f3lar agro -que a\u00fan no se derog\u00f3 e iba a estar vigente hasta el 31 de agosto- segu\u00eda fijo en $340<\/strong>.<\/p>\n\n\n\n<p>El nuevo contexto, claro, presenta pocos incentivos para quienes<strong>\u00a0exportan vino<\/strong>.<\/p>\n\n\n\n<p>&#8220;Todav\u00eda no tenemos ninguna informaci\u00f3n oficial respecto a c\u00f3mo seguir\u00e1 el&nbsp;<strong>Programa de Incremento Exportador<\/strong>. Ya pedimos datos y una reuni\u00f3n, pero lo que nos queda claro es que&nbsp;<strong>los $340 del d\u00f3lar agro quedan por debajo de la nueva cotizaci\u00f3n oficial<\/strong>, y por lo tanto aquella medida deja de tener efecto concreto&#8221;, reconoci\u00f3 Gonz\u00e1lez ante la consulta de este medio.<\/p>\n\n\n\n<p>&#8220;Ha pasado muy poco tiempo todav\u00eda; as\u00ed que hay que ser precavidos con las conclusiones. Eso no significa que no haya\u00a0<strong>incertidumbre<\/strong>: lo que nos gustar\u00eda saber es\u00a0<strong>si se ha pensado en un nuevo programa para ayudar a la vitivinicultura<\/strong>&#8220;, sum\u00f3 el titular de COVIAR.<\/p>\n\n\n\n<h2 class=\"wp-block-heading\">Se fueron las retenciones pero qued\u00f3 la inflaci\u00f3n<\/h2>\n\n\n\n<p>El cambio de panorama se produjo casi simult\u00e1neamente al anuncio de la\u00a0<strong>eliminaci\u00f3n de las retenciones para el vino<\/strong>\u00a0-que eran del 4,5%- a partir de septiembre.<\/p>\n\n\n\n<p>Gonz\u00e1lez sopes\u00f3: &#8220;Es algo a valorar, porque&nbsp;<strong>nos liberamos de un impuesto distorsivo que nos quitaba competitividad<\/strong>. No obstante, eso por s\u00ed s\u00f3lo&nbsp;<strong>no va a resolver la ca\u00edda que venimos registrando<\/strong>&nbsp;durante el primer semestre de 2023&#8243;.<\/p>\n\n\n\n<p>No son los \u00fanicos problemas que arrastra el vino argentino. En COVIAR enumeran temas pendientes como las\u00a0<strong>autorizaciones de pagos al exterior<\/strong>, que demoran a log\u00edstica y la contrataci\u00f3n de servicios -por ejemplo, la\u00a0<strong>promoci\u00f3n<\/strong>&#8211; en el extranjero. &#8220;Estamos pidiendo que\u00a0<strong>por favor agilicen esos tr\u00e1mites<\/strong>&#8220;, marc\u00f3 el entrevistado.<\/p>\n\n\n\n<p>Por \u00faltimo est\u00e1&nbsp;<strong>la inflaci\u00f3n<\/strong>, que acogota al&nbsp;<strong>mercado interno<\/strong>. &#8220;Es inversamente proporcional: sube la inflaci\u00f3n, baja el consumo interno. Ten\u00e9s hogares que compran vinos m\u00e1s baratos y&nbsp;<strong>otros que directamente dejan de consumir vino<\/strong>&#8220;, record\u00f3 Gonz\u00e1lez.<\/p>\n\n\n\n<p>Como se sabe, una vez que un mercado se pierde -en este caso, el de miles de familias del pa\u00eds-\u00a0<strong>despu\u00e9s es todo un trabajo recuperarlo<\/strong>. Y si los clientes est\u00e1n en el exterior, la reconquista es\u00a0<strong>mucho m\u00e1s ardua<\/strong>.<\/p>\n\n\n\n<p><strong><em>FUENTE<\/em><\/strong>: Diariouno.com.ar<\/p>\n","protected":false},"excerpt":{"rendered":"<p>Luego de una nueva devaluaci\u00f3n del tipo de cambio oficial, el d\u00f3lar para las econom\u00edas regionales se desdibuj\u00f3. As\u00ed lo confirmaron desde la Corporaci\u00f3n Vitivin\u00edcola Argentina (COVIAR) En la\u00a0Corporaci\u00f3n Vitivin\u00edcola Argentina (COVIAR)\u00a0sienten que la devaluaci\u00f3n que anunci\u00f3 el gobierno nacional despu\u00e9s de las elecciones\u00a0PASO 2023\u00a0desdibuj\u00f3 completamente al tan promocionado\u00a0d\u00f3lar agro,\u00a0que ofrec\u00eda un tipo de cambio [&hellip;]<\/p>\n","protected":false},"author":2,"featured_media":737,"comment_status":"open","ping_status":"open","sticky":true,"template":"","format":"standard","meta":[],"categories":[49],"tags":[],"_links":{"self":[{"href":"https:\/\/pasaenmendoza.com\/index.php?rest_route=\/wp\/v2\/posts\/736"}],"collection":[{"href":"https:\/\/pasaenmendoza.com\/index.php?rest_route=\/wp\/v2\/posts"}],"about":[{"href":"https:\/\/pasaenmendoza.com\/index.php?rest_route=\/wp\/v2\/types\/post"}],"author":[{"embeddable":true,"href":"https:\/\/pasaenmendoza.com\/index.php?rest_route=\/wp\/v2\/users\/2"}],"replies":[{"embeddable":true,"href":"https:\/\/pasaenmendoza.com\/index.php?rest_route=%2Fwp%2Fv2%2Fcomments&post=736"}],"version-history":[{"count":1,"href":"https:\/\/pasaenmendoza.com\/index.php?rest_route=\/wp\/v2\/posts\/736\/revisions"}],"predecessor-version":[{"id":738,"href":"https:\/\/pasaenmendoza.com\/index.php?rest_route=\/wp\/v2\/posts\/736\/revisions\/738"}],"wp:featuredmedia":[{"embeddable":true,"href":"https:\/\/pasaenmendoza.com\/index.php?rest_route=\/wp\/v2\/media\/737"}],"wp:attachment":[{"href":"https:\/\/pasaenmendoza.com\/index.php?rest_route=%2Fwp%2Fv2%2Fmedia&parent=736"}],"wp:term":[{"taxonomy":"category","embeddable":true,"href":"https:\/\/pasaenmendoza.com\/index.php?rest_route=%2Fwp%2Fv2%2Fcategories&post=736"},{"taxonomy":"post_tag","embeddable":true,"href":"https:\/\/pasaenmendoza.com\/index.php?rest_route=%2Fwp%2Fv2%2Ftags&post=736"}],"curies":[{"name":"wp","href":"https:\/\/api.w.org\/{rel}","templated":true}]}}