{"id":7368,"date":"2024-05-08T16:40:39","date_gmt":"2024-05-08T14:40:39","guid":{"rendered":"https:\/\/pasaenmendoza.com\/?p=7368"},"modified":"2024-05-08T16:40:41","modified_gmt":"2024-05-08T14:40:41","slug":"cornejo-y-la-clave-de-su-supervivencia-que-se-doble-lo-que-se-tenga-que-doblar","status":"publish","type":"post","link":"https:\/\/pasaenmendoza.com\/?p=7368","title":{"rendered":"Cornejo y la clave de su supervivencia: que se doble lo que se tenga que doblar"},"content":{"rendered":"\n<p>Una de las razones que explican \u2013puede haber otras desde ya\u2013, la vigencia y la fuerte influencia de&nbsp;<strong>Alfredo Cornejo<\/strong>&nbsp;en la pol\u00edtica mendocina, m\u00e1s su cuota de trascendencia \u2013aunque menor de lo que \u00e9l mismo se lo imaginaba algunos pocos a\u00f1os atr\u00e1s\u2013 en la arena en donde se discute y se decide la orientaci\u00f3n de la pol\u00edtica nacional, quiz\u00e1s sea la del pragmatismo. Luego de haberse formado pol\u00edtica y profesionalmente en los claustros universitarios al calor y la hegemon\u00eda de la Franja Morada, bajo aquel entusiasmo interminable de la primavera democr\u00e1tica alfonsinista; a\u00f1os en los que brillaban los br\u00edos progres de dirigentes como el Changui Luis C\u00e1ceres, el Freddy Storani, Marcelo Stubrin y otros tantos, con el correr de los a\u00f1os y el andar de su extensa experiencia en los varios cargos que ocup\u00f3 en la funci\u00f3n p\u00fablica \u2013tanto ejecutivos, legislativos y partidarios\u2013, posiblemente hayan convencido a Cornejo que para conducirse y mantenerse a flote en la agitada, serpenteante, ca\u00f3tica e imprevisible pol\u00edtica argentina, lo mejor ser\u00eda moldearse a ese ritmo y ondearse tantas veces como fuese necesario, m\u00e1s que quebrarse o romperse, como ense\u00f1aba el viejo l\u00edder Leandro N. Alem, al que el propio Cornejo ha reivindicado entre todos.<\/p>\n\n\n\n<p>Ese pragmatismo, o tambi\u00e9n esa capacidad para ubicarse en un determinado lugar antes de que sucedan los hechos y capitalizar un beneficio a futuro que pocos pueden ver, lo ha demostrado d\u00edas atr\u00e1s cuando en una entrevista para Clar\u00edn devel\u00f3 no comprender a sus correligionarios radicales que quieren que le vaya mal a Javier Milei porque suponen que si cae en desgracia el gobierno libertario quien tomar\u00eda la posta en la batalla por la sucesi\u00f3n ser\u00eda el viejo y centenario radicalismo. \u201cEse lugar hoy lo ocupa el kirchnerismo\u201d, sentencia Cornejo, sin dudas y con firmeza. Y por supuesto que esa mirada le ha valido las cr\u00edticas de quienes creen ver al radicalismo como una alternativa a los dos populismos que protagonizan la vida de los argentinos, tanto la actual con Milei, como la del pasado reciente con el populismo K dominador absoluto de los \u00faltimos veinte a\u00f1os de las idas y vueltas y por sobre todo de los fracasos del pa\u00eds. Y en esa l\u00ednea, Cornejo tambi\u00e9n ha dicho que, en un sentido m\u00e1s amplio, \u201csi los partidos tradicionales no leen correctamente a la sociedad en este momento de giro del rumbo econ\u00f3mico, pueden tener una tendencia a desaparecer o quedar como minor\u00edas testimoniales\u201d.<\/p>\n\n\n\n<p>Y as\u00ed como se ali\u00f3, se vali\u00f3 y aliment\u00f3 al kirchnerismo cuando el santacruce\u00f1o \u201cgarpaba\u201d a nivel nacional contra el menemismo y la derecha reaccionaria, lo dej\u00f3 huyendo tras un portazo, como tantos radicales desencantados y frustrados (Julio Cobos, entre ellos), cuando el kirchnerismo comenz\u00f3 su radicalizaci\u00f3n, o bien cuando devel\u00f3 ciertamente hacia d\u00f3nde iba, cu\u00e1l era su objetivo y sus planes para con la Argentina. El radicalismo hace tiempo que transita por un largo momento de incertidumbres, des\u00f3rdenes varios, indefiniciones y en un constante trance sin hallar un rumbo cierto. Deambula sin direcci\u00f3n. De sus filas se desprendieron fervientes defensores del r\u00e9gimen K, como los Moreau o los \u201cricarditos\u201d Alfons\u00edn, opositores reacios al mismo kirchnerato como Cornejo y aquellos que todav\u00eda ven al centenario partido como una alternativa a los populismos. En esta \u00faltima facci\u00f3n aparece&nbsp;<strong>Facundo Manes<\/strong>, por caso, que fue de los primeros en cruzar a Cornejo luego de sus declaraciones en favor del buen rumbo del gobierno de Milei como garant\u00eda para frenar al kirchnerismo, el que para Cornejo sigue vivo, y bien vivo todav\u00eda. Dijo Manes del gobernador mendocino:&nbsp;<em>\u201cLos mismos que ya fueron atr\u00e1s del kirchnerismo y de Macri, ahora quieren ir detr\u00e1s de Milei. Hay que tener una visi\u00f3n de desarrollo de pa\u00eds y animarse a construir una alternativa distinta a los populismos de izquierda y de derecha\u201d.<\/em><\/p>\n\n\n\n<p>Algo de todo ese tema que atormenta a los radicales, pero que a la vez los entusiasma, que los hace ingresar en un estado de semi inconsciencia narc\u00f3tica, para enfrascarse en una batalla sin cuartel hacia dentro del partido, en internas sangrientas e hirientes, buscando definir un lugar determinado, un rol preciso, meta para la cual ha venido fracasando de manera repitente, es lo que alimentaba y animaba anoche la cumbre del partido convocada para definir una postura sobre la Ley Bases que se est\u00e1 discutiendo en el Senado.<\/p>\n\n\n\n<p>Ese pragmatismo que abraz\u00f3 Cornejo para moverse en la pol\u00edtica, hace ya un tiempo bastante largo, le ha permitido interpretar a la mayor\u00eda de los mendocinos. Y a la vez, indignar y enloquecer a verdaderas hordas extremistas, tanto presentes en su propio partido como algunas del peronismo cuya vida domina&nbsp;<strong>Cristina Fern\u00e1ndez de Kirchner<\/strong>. El propio Cornejo se ha dado el gusto de analizar el porqu\u00e9 de la desgracia justicialista, o esa maldici\u00f3n derrotista que lo acompa\u00f1a desde una decena de a\u00f1os a esta parte. Con una paradoja: junto a la descripci\u00f3n que hace de lo que cree que le pasa, le muestra una posible soluci\u00f3n. Seg\u00fan Cornejo, el peronismo mendocino dominado por el kirchnerismo asume a la sociedad mendocina como \u201cgorila\u201d, que por eso pierden y que con esa explicaci\u00f3n argumentan las derrotas en Buenos Aires.<\/p>\n\n\n\n<p>Estas declaraciones de Cornejo han sido muy interesantes, porque en otras palabras, a sus adversarios peronistas, el gobernador les dice que pierden y seguir\u00e1n perdiendo, probablemente, mientras sigan adosados o dependiendo del extremismo K, un lastre demasiado pesado del que, parad\u00f3jicamente, \u00e9l mismo se ha venido valiendo desde el 2013 en adelante. Y hoy, Cornejo, que ve a Milei con una legitimidad de origen, se esfuerza por llevar al resto de los radicales hacia una posici\u00f3n que le permitir\u00eda al libertario alcanzar la otra legitimidad, la de un reconocimiento por los resultados si logra enfilar la econom\u00eda del pa\u00eds hacia escenarios de mayor tranquilidad y estabilidad. Porque un fracaso de Milei, al que aborrece en un sentido amplio por sus modos, su destrato y desprecio por la pol\u00edtica, dejar\u00eda abierta la puerta \u2013por una vez m\u00e1s\u2013 a ese sistema y modelo de mayores y conocidas penurias. Demasiado conocidas.<\/p>\n\n\n\n<p>FUENTE: Elsol.com.ar <\/p>\n","protected":false},"excerpt":{"rendered":"<p>Una de las razones que explican \u2013puede haber otras desde ya\u2013, la vigencia y la fuerte influencia de&nbsp;Alfredo Cornejo&nbsp;en la pol\u00edtica mendocina, m\u00e1s su cuota de trascendencia \u2013aunque menor de lo que \u00e9l mismo se lo imaginaba algunos pocos a\u00f1os atr\u00e1s\u2013 en la arena en donde se discute y se decide la orientaci\u00f3n de la [&hellip;]<\/p>\n","protected":false},"author":2,"featured_media":7369,"comment_status":"open","ping_status":"open","sticky":true,"template":"","format":"standard","meta":[],"categories":[47],"tags":[],"_links":{"self":[{"href":"https:\/\/pasaenmendoza.com\/index.php?rest_route=\/wp\/v2\/posts\/7368"}],"collection":[{"href":"https:\/\/pasaenmendoza.com\/index.php?rest_route=\/wp\/v2\/posts"}],"about":[{"href":"https:\/\/pasaenmendoza.com\/index.php?rest_route=\/wp\/v2\/types\/post"}],"author":[{"embeddable":true,"href":"https:\/\/pasaenmendoza.com\/index.php?rest_route=\/wp\/v2\/users\/2"}],"replies":[{"embeddable":true,"href":"https:\/\/pasaenmendoza.com\/index.php?rest_route=%2Fwp%2Fv2%2Fcomments&post=7368"}],"version-history":[{"count":1,"href":"https:\/\/pasaenmendoza.com\/index.php?rest_route=\/wp\/v2\/posts\/7368\/revisions"}],"predecessor-version":[{"id":7370,"href":"https:\/\/pasaenmendoza.com\/index.php?rest_route=\/wp\/v2\/posts\/7368\/revisions\/7370"}],"wp:featuredmedia":[{"embeddable":true,"href":"https:\/\/pasaenmendoza.com\/index.php?rest_route=\/wp\/v2\/media\/7369"}],"wp:attachment":[{"href":"https:\/\/pasaenmendoza.com\/index.php?rest_route=%2Fwp%2Fv2%2Fmedia&parent=7368"}],"wp:term":[{"taxonomy":"category","embeddable":true,"href":"https:\/\/pasaenmendoza.com\/index.php?rest_route=%2Fwp%2Fv2%2Fcategories&post=7368"},{"taxonomy":"post_tag","embeddable":true,"href":"https:\/\/pasaenmendoza.com\/index.php?rest_route=%2Fwp%2Fv2%2Ftags&post=7368"}],"curies":[{"name":"wp","href":"https:\/\/api.w.org\/{rel}","templated":true}]}}