{"id":7374,"date":"2024-05-08T16:57:06","date_gmt":"2024-05-08T14:57:06","guid":{"rendered":"https:\/\/pasaenmendoza.com\/?p=7374"},"modified":"2024-05-08T16:57:07","modified_gmt":"2024-05-08T14:57:07","slug":"esteban-allasino-se-reunio-con-ulpiano-suarez-para-limitar-la-reeleccion-indefinida-de-concejales-en-lujan","status":"publish","type":"post","link":"https:\/\/pasaenmendoza.com\/?p=7374","title":{"rendered":"Esteban Allasino se reuni\u00f3 con Ulpiano Suarez para limitar la reelecci\u00f3n indefinida de concejales en Luj\u00e1n"},"content":{"rendered":"\n<p>El lujanino asegur\u00f3 que la intenci\u00f3n es lograr mayor transparencia en la gesti\u00f3n, uno de los ejes en los que se bas\u00f3 la ordenanza de Capital. Suarez celebr\u00f3 la posibilidad de trabajar en conjunto.<\/p>\n\n\n\n<p>A pesar de estar en espacios pol\u00edticos diferentes, el intendente de Luj\u00e1n de Cuyo,\u00a0<strong>Esteban Allasino,\u00a0<\/strong>y el de Capital,\u00a0<strong>Ulpiano Suarez<\/strong>, tienen muchos rasgos en com\u00fan. Uno de ellos es la intenci\u00f3n de limitar la reelecci\u00f3n indefinida de los<strong>\u00a0concejales<\/strong>.<\/p>\n\n\n\n<p>Esta disposici\u00f3n ya fue aprobada en Capital y&nbsp;<strong>en Guaymall\u00e9n<\/strong>, durante la gesti\u00f3n de&nbsp;<strong>Marcelino Iglesias.<\/strong>&nbsp;Ahora es<strong>&nbsp;Luj\u00e1n de Cuyo<\/strong>&nbsp;quien seguir\u00e1 estos pasos, para darle al municipio mayor transparencia.<\/p>\n\n\n\n<p><strong>As\u00ed lo dej\u00f3 plasmado Allasino<\/strong>\u00a0en sus redes sociales, despu\u00e9s de reunirse con\u00a0<strong>Ulpiano Suarez<\/strong>\u00a0en el<strong>\u00a0municipio de Capital.<\/strong><\/p>\n\n\n\n<h2 class=\"wp-block-heading\">Por qu\u00e9 quiere Allasino limitar la reelecci\u00f3n indefinida de concejales<\/h2>\n\n\n\n<p>Seg\u00fan\u00a0<strong>manifest\u00f3 el lujanino<\/strong>, \u201cJunto a Ulpiano estamos trabajando fuertemente para cambiar de ra\u00edz las pr\u00e1cticas de la vieja pol\u00edtica. Hoy, los vecinos nos piden mayor compromiso, esfuerzo y transparencia en la toma de decisiones, por eso\u00a0<strong>adherimos al l\u00edmite de la reelecci\u00f3n indefinida de concejales e Intendentes<\/strong>\u201d.<\/p>\n\n\n\n<p>La idea es presentar en<strong>\u00a0Luj\u00e1n de Cuyo<\/strong>\u00a0un\u00a0<strong>proyecto<\/strong>\u00a0como el que\u00a0<strong>se aprob\u00f3<\/strong>\u00a0el<strong>\u00a016 de abril en Capital,<\/strong>\u00a0en el cual se explicita que\u00a0<strong>no habr\u00e1 m\u00e1s reelecci\u00f3n indefinida de concejales<\/strong>. En este sentido, la misma persona\u00a0<strong>solo podr\u00e1 ocupar una banca en el Concejo Deliberante por dos periodos consecutivos<\/strong>, y luego, para volver a presentarse, deber\u00e1 esperar cuatro a\u00f1os.<\/p>\n\n\n\n<p>Tambi\u00e9n remarc\u00f3: \u201cSentamos un antecedente hist\u00f3rico para el departamento, ya que estamos presentando en el&nbsp;<strong>Concejo Deliberante<\/strong>&nbsp;un proyecto de ordenanza que exige al Gobierno Municipal exponer su Plan de Gobierno, con sus respectivos ejes, programas y objetivos. Es un claro compromiso con cada una de las familias lujaninas,&nbsp;<strong>para que puedan conocer la hoja de ruta de sus gobernantes<\/strong>\u201d.<\/p>\n\n\n\n<h2 class=\"wp-block-heading\">Ulpiano Suarez celebr\u00f3 la reuni\u00f3n con el lujanino<\/h2>\n\n\n\n<p>Por su parte, a trav\u00e9s de su perfil de X,<strong>\u00a0Suarez tambi\u00e9n se mostr\u00f3 muy conforme de haberse reunido con Allasino\u00a0<\/strong>y de poder coordinar acciones para mejorar la transparencia municipal.<\/p>\n\n\n\n<p>&#8220;Estoy convencido de que compartir buenas experiencias de gobierno y el trabajo en conjunto, sin ning\u00fan tipo de especulaciones, es lo mejor para los vecinos.<strong>&nbsp;Y junto a Esteban Allasino venimos transitando este camino<\/strong>&#8220;, sostuvo el intendente de Ciudad.<\/p>\n\n\n\n<p>Adem\u00e1s, remarc\u00f3 que es una forma de dejar atr\u00e1s &#8220;las viejas pr\u00e1cticas de la pol\u00edtica&#8221;, y para &#8220;fortalecer la participaci\u00f3n ciudadana a partir de mayor cercan\u00eda, transparencia y rendici\u00f3n de cuentas&#8221;.<\/p>\n\n\n\n<p>Tanto en el<strong>&nbsp;entorno de Suarez como en el de Allasino se habla de buenas relaciones,<\/strong>&nbsp;de&nbsp;<strong>trabajo a futuro<\/strong>, de los primeros pasos a lo que puede ser una alianza electoral; pero por el momento los jefes comunales de Luj\u00e1n y Capital solo admiten que es el inicio de&nbsp;<strong>un trabajo territorial coordinado<\/strong>.<\/p>\n\n\n\n<p>Sin embargo, en las redes sociales, no escatimaron en celebraciones por iniciar este camino en com\u00fan.<\/p>\n\n\n\n<p>FUENTE: Diariouno.com.ar <\/p>\n","protected":false},"excerpt":{"rendered":"<p>El lujanino asegur\u00f3 que la intenci\u00f3n es lograr mayor transparencia en la gesti\u00f3n, uno de los ejes en los que se bas\u00f3 la ordenanza de Capital. Suarez celebr\u00f3 la posibilidad de trabajar en conjunto. A pesar de estar en espacios pol\u00edticos diferentes, el intendente de Luj\u00e1n de Cuyo,\u00a0Esteban Allasino,\u00a0y el de Capital,\u00a0Ulpiano Suarez, tienen muchos [&hellip;]<\/p>\n","protected":false},"author":2,"featured_media":7375,"comment_status":"open","ping_status":"open","sticky":true,"template":"","format":"standard","meta":[],"categories":[47],"tags":[],"_links":{"self":[{"href":"https:\/\/pasaenmendoza.com\/index.php?rest_route=\/wp\/v2\/posts\/7374"}],"collection":[{"href":"https:\/\/pasaenmendoza.com\/index.php?rest_route=\/wp\/v2\/posts"}],"about":[{"href":"https:\/\/pasaenmendoza.com\/index.php?rest_route=\/wp\/v2\/types\/post"}],"author":[{"embeddable":true,"href":"https:\/\/pasaenmendoza.com\/index.php?rest_route=\/wp\/v2\/users\/2"}],"replies":[{"embeddable":true,"href":"https:\/\/pasaenmendoza.com\/index.php?rest_route=%2Fwp%2Fv2%2Fcomments&post=7374"}],"version-history":[{"count":1,"href":"https:\/\/pasaenmendoza.com\/index.php?rest_route=\/wp\/v2\/posts\/7374\/revisions"}],"predecessor-version":[{"id":7376,"href":"https:\/\/pasaenmendoza.com\/index.php?rest_route=\/wp\/v2\/posts\/7374\/revisions\/7376"}],"wp:featuredmedia":[{"embeddable":true,"href":"https:\/\/pasaenmendoza.com\/index.php?rest_route=\/wp\/v2\/media\/7375"}],"wp:attachment":[{"href":"https:\/\/pasaenmendoza.com\/index.php?rest_route=%2Fwp%2Fv2%2Fmedia&parent=7374"}],"wp:term":[{"taxonomy":"category","embeddable":true,"href":"https:\/\/pasaenmendoza.com\/index.php?rest_route=%2Fwp%2Fv2%2Fcategories&post=7374"},{"taxonomy":"post_tag","embeddable":true,"href":"https:\/\/pasaenmendoza.com\/index.php?rest_route=%2Fwp%2Fv2%2Ftags&post=7374"}],"curies":[{"name":"wp","href":"https:\/\/api.w.org\/{rel}","templated":true}]}}