{"id":7377,"date":"2024-05-09T01:35:09","date_gmt":"2024-05-08T23:35:09","guid":{"rendered":"https:\/\/pasaenmendoza.com\/?p=7377"},"modified":"2024-05-09T01:35:10","modified_gmt":"2024-05-08T23:35:10","slug":"la-ministra-rus-dispuso-fuerte-presencia-policial-durante-el-dia-del-paro-de-la-cgt","status":"publish","type":"post","link":"https:\/\/pasaenmendoza.com\/?p=7377","title":{"rendered":"La ministra Rus dispuso fuerte presencia policial durante el d\u00eda del paro de la CGT"},"content":{"rendered":"\n<p>Fuentes del Ministerio de Seguridad y Justicia de Mendoza indicaron que se est\u00e1 trabajando en un operativo para sumar polic\u00edas en las calles este jueves, el d\u00eda del\u00a0<strong>paro nacional de la CGT.\u00a0<\/strong>El objetivo es\u00a0garantizar que la circulaci\u00f3n sea con total normalidad.<\/p>\n\n\n\n<p>&#8220;Se est\u00e1 trabajando en un operativo para garantizar la seguridad pero tambi\u00e9n para que el transporte funcione con el fin de que\u00a0<strong>aquellos que necesiten ir a clases o trabajar puedan hacerlo<\/strong>. Todo el personal operativo estar\u00e1 afectado&#8221;, manifestaron desde el entorno de la funcionaria.<\/p>\n\n\n\n<p>Al mismo tiempo, aseguraron que est\u00e1n en comunicaci\u00f3n permanente con los miembros de la CGT para conocer si se har\u00e1 marcha en Mendoza, con el objetivo de que cumplan con el protocolo para estos casos.<\/p>\n\n\n\n<p>La Asociaci\u00f3n Unida de Transporte del Automotor (AUTAM) -que nuclea a los due\u00f1os de los colectivos del servicio urbano del Gran Mendoza- afirm\u00f3 que este jueves las unidades funcionar\u00e1n como d\u00eda s\u00e1bado, al 60%.<\/p>\n\n\n\n<p>De todas maneras, el Gobierno de Mendoza debe garantizar el servicio, por lo que indicaron que estar\u00e1n en circulaci\u00f3n desde las 6 a las 24.<\/p>\n\n\n\n<figure class=\"wp-block-image\"><img decoding=\"async\" src=\"https:\/\/media.diariouno.com.ar\/p\/ec6b795b8d54d7ebc1f21b64fb0ca6f7\/adjuntos\/298\/imagenes\/009\/333\/0009333218\/1200x0\/smart\/comunicado-autamjpg.jpg\" alt=\"\" title=\"\"\/><\/figure>\n\n\n\n<p>El secretario gremial del&nbsp;<strong>Sindicato del Personal de Micros y \u00d3mnibus de Mendoza<\/strong>, (SIPEMOM)&nbsp;<strong>Jos\u00e9 Micca,<\/strong>&nbsp;explic\u00f3: &#8220;Los compa\u00f1eros est\u00e1n en libertad de adherirse o trabajar este jueves. La diferencia con el anterior paro (del 24 de enero) era que comenzaba a las 19.30 e \u00edbamos a afectar a la gente y a los estudiantes a esa hora, por eso funcion\u00f3 con normalidad en la anterior medida de fuerza&#8221;.<\/p>\n\n\n\n<p>Y agreg\u00f3: &#8220;No sabemos c\u00f3mo va a ser el grado de acompa\u00f1amiento a la medida. Hay muchos choferes que quieren desempe\u00f1arse y como gremio democr\u00e1tico est\u00e1n en su derecho de hacerlo&#8221;.<\/p>\n\n\n\n<p>En cuanto al servicio de taxis, los choferes adherir\u00e1n a la medida sin asistencia a los lugares de trabajo, pero se podr\u00e1 tomar este transporte ante la falta de colectivos porque los propietarios de los autos s\u00ed trabajar\u00e1n.<\/p>\n\n\n\n<p><strong>Fuente: www.diariouno.com.ar<\/strong><\/p>\n","protected":false},"excerpt":{"rendered":"<p>Fuentes del Ministerio de Seguridad y Justicia de Mendoza indicaron que se est\u00e1 trabajando en un operativo para sumar polic\u00edas en las calles este jueves, el d\u00eda del\u00a0paro nacional de la CGT.\u00a0El objetivo es\u00a0garantizar que la circulaci\u00f3n sea con total normalidad. &#8220;Se est\u00e1 trabajando en un operativo para garantizar la seguridad pero tambi\u00e9n para que [&hellip;]<\/p>\n","protected":false},"author":2,"featured_media":7378,"comment_status":"open","ping_status":"open","sticky":false,"template":"","format":"standard","meta":[],"categories":[96],"tags":[],"_links":{"self":[{"href":"https:\/\/pasaenmendoza.com\/index.php?rest_route=\/wp\/v2\/posts\/7377"}],"collection":[{"href":"https:\/\/pasaenmendoza.com\/index.php?rest_route=\/wp\/v2\/posts"}],"about":[{"href":"https:\/\/pasaenmendoza.com\/index.php?rest_route=\/wp\/v2\/types\/post"}],"author":[{"embeddable":true,"href":"https:\/\/pasaenmendoza.com\/index.php?rest_route=\/wp\/v2\/users\/2"}],"replies":[{"embeddable":true,"href":"https:\/\/pasaenmendoza.com\/index.php?rest_route=%2Fwp%2Fv2%2Fcomments&post=7377"}],"version-history":[{"count":1,"href":"https:\/\/pasaenmendoza.com\/index.php?rest_route=\/wp\/v2\/posts\/7377\/revisions"}],"predecessor-version":[{"id":7379,"href":"https:\/\/pasaenmendoza.com\/index.php?rest_route=\/wp\/v2\/posts\/7377\/revisions\/7379"}],"wp:featuredmedia":[{"embeddable":true,"href":"https:\/\/pasaenmendoza.com\/index.php?rest_route=\/wp\/v2\/media\/7378"}],"wp:attachment":[{"href":"https:\/\/pasaenmendoza.com\/index.php?rest_route=%2Fwp%2Fv2%2Fmedia&parent=7377"}],"wp:term":[{"taxonomy":"category","embeddable":true,"href":"https:\/\/pasaenmendoza.com\/index.php?rest_route=%2Fwp%2Fv2%2Fcategories&post=7377"},{"taxonomy":"post_tag","embeddable":true,"href":"https:\/\/pasaenmendoza.com\/index.php?rest_route=%2Fwp%2Fv2%2Ftags&post=7377"}],"curies":[{"name":"wp","href":"https:\/\/api.w.org\/{rel}","templated":true}]}}