{"id":7380,"date":"2024-05-09T01:48:24","date_gmt":"2024-05-08T23:48:24","guid":{"rendered":"https:\/\/pasaenmendoza.com\/?p=7380"},"modified":"2024-05-09T01:48:25","modified_gmt":"2024-05-08T23:48:25","slug":"la-corte-local-acepto-revisar-la-falta-de-aumentos-a-los-docentes-durante-la-pandemia","status":"publish","type":"post","link":"https:\/\/pasaenmendoza.com\/?p=7380","title":{"rendered":"La Corte local acept\u00f3 revisar la falta de aumentos a los docentes durante la pandemia"},"content":{"rendered":"\n<p><strong>La presunta deuda del 2020<\/strong>, cuando los\u00a0<strong>docentes -y la totalidad de los empleados p\u00fablicos mendocinos- no recibieron aumentos de salarios<\/strong>, luego de que sobreviniera la pandemia del Covid, es lo que ahora\u00a0<strong>se pondr\u00e1 sobre la mesa de la Suprema Corte de Justicia.<\/strong>\u00a0Es que el m\u00e1ximo tribunal\u00a0<strong>acept\u00f3 el pedido del\u00a0SUTE<\/strong>\u00a0para discutir ese planteo que el gremio insistentemente llev\u00f3 a las paritarias y que luego judicializ\u00f3.<\/p>\n\n\n\n<p>El gui\u00f1o al planteo del SUTE se conoci\u00f3 este martes, pero la decisi\u00f3n de la&nbsp;<strong>sala II de la Suprema Corte<\/strong>&nbsp;se firm\u00f3 el pasado 18 de abril.<\/p>\n\n\n\n<p>Seg\u00fan consta en el escrito, para que se admitiera formalmente el recurso extraordinario que hab\u00eda presentado el gremio docente\u00a0<strong>votaron a favor los jueces Omar Palermo y Jos\u00e9 Valerio<\/strong>\u00a0que conforman esa sala.<\/p>\n\n\n\n<p>El mero hecho de&nbsp;<strong>que el tribunal acepte discutir el tema ya ilusion\u00f3 a los dirigentes del gremio,<\/strong>&nbsp;porque ven\u00edan de haber recibido un rev\u00e9s de la S\u00e9ptima C\u00e1mara del Trabajo, que hab\u00eda rechazado ese mismo planteo.<\/p>\n\n\n\n<p>El secretario gremial del SUTE, Gustavo Correa, celebr\u00f3 que la Corte haya admitido discutir el pedido que present\u00f3 el gremio por la deuda de los aumentos que los docentes no recibieron en el 2020.<\/p>\n\n\n\n<p>&#8220;Lo celebramos porque de fondo&nbsp;<strong>lo que estamos planteando es que nos convoquen a paritarias para discutir la deuda con los docentes del 2020<\/strong>. No es un planteo irracional, ni vamos a quebrar las cuentas del Estado con este pedido, pero entendemos que tenemos que dar esa batalla y por eso lo llevamos a la Justicia y ahora la Corte acept\u00f3 discutirlo&#8221;, explic\u00f3 el secretario gremial del SUTE, Gustavo Correa.<\/p>\n\n\n\n<p>Seg\u00fan cont\u00f3 el gremialista,&nbsp;<strong>cuando trascendi\u00f3 que la Corte admiti\u00f3 el planteo del gremio lo contactaron de otros sindicatos,<\/strong>&nbsp;con la ilusi\u00f3n de que si este pedido avanza en el m\u00e1ximo tribunal&nbsp;<strong>sentar\u00eda un precedente para que el resto de los empleados p\u00fablicos mendocinos replicaran el mismo pedido en la Justicia.<\/strong><\/p>\n\n\n\n<p>&#8220;A\u00fan es incipiente, pero al ver la aceptaci\u00f3n del planteo por parte de la Corte ya despert\u00f3 inquietud de los colegas de otros gremios. Me contactaron de<strong>&nbsp;los gremios de Judiciales, de ATE y de Casinos<\/strong>&nbsp;porque ellos podr\u00edan seguir el mismo camino&#8221;, precis\u00f3.<\/p>\n\n\n\n<p>Luego de haber admitido el recurso del gremio, ahora la Suprema Corte tiene\u00a0<strong>un periodo de 6 meses para discutir el planteo<\/strong>.<\/p>\n\n\n\n<h2 class=\"wp-block-heading\">Un planteo que se repiti\u00f3 en paritarias y lleg\u00f3 a la Justicia<\/h2>\n\n\n\n<p>El reclamo que el SUTE viene haciendo por la deuda de los aumentos que no recibieron en el 2020 no es nuevo.<\/p>\n\n\n\n<p>Sabiendo que ese planteo podr\u00eda hacerse s\u00f3lo por dos a\u00f1os en el \u00e1mbito de la mesa paritaria, hicieron varios planteos en esa mesa de negociaci\u00f3n en la gesti\u00f3n del ex gobernador Rodolfo Suarez, y&nbsp;<strong>una vez que se venci\u00f3 ese plazo fueron a la Justicia<\/strong>.<\/p>\n\n\n\n<p>All\u00ed recordaron que en aquel a\u00f1o de pandemia, los docentes&nbsp;<strong>s\u00f3lo recibieron un 2% de aumento<\/strong>, porque la paritaria del 2019 que se cerr\u00f3 con una&nbsp;<strong>cl\u00e1usula gatillo<\/strong>&nbsp;que replicaba el incremento de la inflaci\u00f3n repercuti\u00f3 en enero del a\u00f1o signado por el Covid.<\/p>\n\n\n\n<p><strong>En aquel 2020 la inflaci\u00f3n fue del 36%<\/strong>\u00a0y esos datos, m\u00e1s los estudios de c\u00f3mo se podr\u00eda actualizar el monto adeudado, ser\u00e1 lo que el gremio llevar\u00e1 a una posible mesa paritaria,\u00a0<strong>si es que la Corte termina avalando su pedido<\/strong>.<\/p>\n\n\n\n<p><strong>Fuente: www.diariouno.com.ar<\/strong><\/p>\n\n\n\n<p><\/p>\n","protected":false},"excerpt":{"rendered":"<p>La presunta deuda del 2020, cuando los\u00a0docentes -y la totalidad de los empleados p\u00fablicos mendocinos- no recibieron aumentos de salarios, luego de que sobreviniera la pandemia del Covid, es lo que ahora\u00a0se pondr\u00e1 sobre la mesa de la Suprema Corte de Justicia.\u00a0Es que el m\u00e1ximo tribunal\u00a0acept\u00f3 el pedido del\u00a0SUTE\u00a0para discutir ese planteo que el gremio [&hellip;]<\/p>\n","protected":false},"author":2,"featured_media":7381,"comment_status":"open","ping_status":"open","sticky":false,"template":"","format":"standard","meta":[],"categories":[56],"tags":[],"_links":{"self":[{"href":"https:\/\/pasaenmendoza.com\/index.php?rest_route=\/wp\/v2\/posts\/7380"}],"collection":[{"href":"https:\/\/pasaenmendoza.com\/index.php?rest_route=\/wp\/v2\/posts"}],"about":[{"href":"https:\/\/pasaenmendoza.com\/index.php?rest_route=\/wp\/v2\/types\/post"}],"author":[{"embeddable":true,"href":"https:\/\/pasaenmendoza.com\/index.php?rest_route=\/wp\/v2\/users\/2"}],"replies":[{"embeddable":true,"href":"https:\/\/pasaenmendoza.com\/index.php?rest_route=%2Fwp%2Fv2%2Fcomments&post=7380"}],"version-history":[{"count":1,"href":"https:\/\/pasaenmendoza.com\/index.php?rest_route=\/wp\/v2\/posts\/7380\/revisions"}],"predecessor-version":[{"id":7382,"href":"https:\/\/pasaenmendoza.com\/index.php?rest_route=\/wp\/v2\/posts\/7380\/revisions\/7382"}],"wp:featuredmedia":[{"embeddable":true,"href":"https:\/\/pasaenmendoza.com\/index.php?rest_route=\/wp\/v2\/media\/7381"}],"wp:attachment":[{"href":"https:\/\/pasaenmendoza.com\/index.php?rest_route=%2Fwp%2Fv2%2Fmedia&parent=7380"}],"wp:term":[{"taxonomy":"category","embeddable":true,"href":"https:\/\/pasaenmendoza.com\/index.php?rest_route=%2Fwp%2Fv2%2Fcategories&post=7380"},{"taxonomy":"post_tag","embeddable":true,"href":"https:\/\/pasaenmendoza.com\/index.php?rest_route=%2Fwp%2Fv2%2Ftags&post=7380"}],"curies":[{"name":"wp","href":"https:\/\/api.w.org\/{rel}","templated":true}]}}