{"id":7383,"date":"2024-05-09T01:55:37","date_gmt":"2024-05-08T23:55:37","guid":{"rendered":"https:\/\/pasaenmendoza.com\/?p=7383"},"modified":"2024-05-09T01:55:39","modified_gmt":"2024-05-08T23:55:39","slug":"uno-por-uno-que-servicios-estaran-afectados-en-mendoza-por-el-paro-general","status":"publish","type":"post","link":"https:\/\/pasaenmendoza.com\/?p=7383","title":{"rendered":"Uno por uno: qu\u00e9 servicios estar\u00e1n afectados en Mendoza por el paro general"},"content":{"rendered":"\n<p>El segundo\u00a0<strong>paro general<\/strong>\u00a0convocado por la\u00a0<strong>CGT\u00a0<\/strong>contra las pol\u00edticas de ajuste del Gobierno nacional de\u00a0<strong>Javier Milei<\/strong>\u00a0se llevar\u00e1 a cabo este jueves 9 de mayo en todo el pa\u00eds. A diferencia del primero que fue el 24 de enero, definieron que la medida de fuerza ser\u00e1 sin movilizaci\u00f3n. Sin embargo, diferentes gremios decidieron adherir y, por lo tanto, habr\u00e1 varios\u00a0<strong>servicios\u00a0<\/strong>restringidos en la provincia de\u00a0Mendoza.\u00a0<\/p>\n\n\n\n<p>El dirigente de la\u00a0<strong>CGT Mendoza<\/strong>, Ricardo Letard, en abril expres\u00f3 que el\u00a0<strong>paro general<\/strong>\u00a0se da en el marco de que &#8220;estamos peor que en el 2001&#8221; y contra los ataques del gobierno de\u00a0<strong>Javier Milei<\/strong>\u00a0a los trabajadores intentando imponer \u201cuna reforma laboral\u201d. Si bien el paro no contar\u00e1 con grandes movilizaciones convocadas por la CGT s\u00ed se llevar\u00e1n a cabo acciones y varios sectores ya definieron como adherir\u00e1n a la medida.\u00a0<\/p>\n\n\n\n<p>La CGT Regional Mendoza resolvi\u00f3 llamar a organizaciones sociales, jubilados y estudiantes a hacer presencia \u201cen el Diario Los Andes en la carpa que se ha instalado por los 50 despidos y adherir a la iniciativa de juntar firmas para la reincorporaci\u00f3n de los trabajadores despedidos\u201d. Adem\u00e1s, informaron el conocimiento de \u201c25 despidos en la Planta Chirino de ceramistas y que tambi\u00e9n hay despidos de los compa\u00f1eros de la madera\u201d.<\/p>\n\n\n\n<h2 class=\"wp-block-heading\">Transporte<\/h2>\n\n\n\n<p>Jos\u00e9 Micca, Secretario gremial del Sindicato del Personal de Micros y \u00d3mnibus de Mendoza (Sipemon), indic\u00f3 que &#8220;adherimos al paro porque estamos nucleados a la CGT. Hemos hablado con nuestros compa\u00f1eros y cada uno est\u00e1 en libertad de acci\u00f3n, aquel que quiere trabajar, trabajar\u00e1, y el que no tiene todos sus derechos y se adhiere al paro&#8221;. En tanto, desde Autam, declararon que trabajar\u00e1n con las frecuencias al 60%, similar al de un d\u00eda s\u00e1bado. Sin embargo, desde Sipemon aclararon que \u201cdejamos la libertad a que cada trabajador elija si quiere o no ir a trabajar\u201d.<\/p>\n\n\n\n<h2 class=\"wp-block-heading\">Comercio<\/h2>\n\n\n\n<p>El CEC inform\u00f3 que se adherir\u00e1 al<strong>\u00a0paro general<\/strong>\u00a0&#8220;en defensa de los derechos de los trabajadores&#8221;. En un comunicado firmado por el Secretario General Fernando Ligorria, desde el Sindicato de comercio nucleado en la Federaci\u00f3n Argentina de Empleados de Comercio y Servicios (FAECYS), aseguraron que la adhesi\u00f3n al paro se da \u201cante la pol\u00edtica de avasallamiento de la legislaci\u00f3n laboral vigente, ya que su modificaci\u00f3n y\/o derogaci\u00f3n, tiende a la desprotecci\u00f3n, tanto de los derechos individuales de los trabajadores como los colectivos de las organizaciones sindicales&#8221;. Adem\u00e1s, vaticinaron que el centro de Mendoza \u201cestar\u00e1 todo cerrado\u201d.<\/p>\n\n\n\n<p><strong>Fuente: www.mdzol.com<\/strong><\/p>\n","protected":false},"excerpt":{"rendered":"<p>El segundo\u00a0paro general\u00a0convocado por la\u00a0CGT\u00a0contra las pol\u00edticas de ajuste del Gobierno nacional de\u00a0Javier Milei\u00a0se llevar\u00e1 a cabo este jueves 9 de mayo en todo el pa\u00eds. A diferencia del primero que fue el 24 de enero, definieron que la medida de fuerza ser\u00e1 sin movilizaci\u00f3n. Sin embargo, diferentes gremios decidieron adherir y, por lo tanto, [&hellip;]<\/p>\n","protected":false},"author":2,"featured_media":7384,"comment_status":"open","ping_status":"open","sticky":false,"template":"","format":"standard","meta":[],"categories":[99],"tags":[],"_links":{"self":[{"href":"https:\/\/pasaenmendoza.com\/index.php?rest_route=\/wp\/v2\/posts\/7383"}],"collection":[{"href":"https:\/\/pasaenmendoza.com\/index.php?rest_route=\/wp\/v2\/posts"}],"about":[{"href":"https:\/\/pasaenmendoza.com\/index.php?rest_route=\/wp\/v2\/types\/post"}],"author":[{"embeddable":true,"href":"https:\/\/pasaenmendoza.com\/index.php?rest_route=\/wp\/v2\/users\/2"}],"replies":[{"embeddable":true,"href":"https:\/\/pasaenmendoza.com\/index.php?rest_route=%2Fwp%2Fv2%2Fcomments&post=7383"}],"version-history":[{"count":1,"href":"https:\/\/pasaenmendoza.com\/index.php?rest_route=\/wp\/v2\/posts\/7383\/revisions"}],"predecessor-version":[{"id":7385,"href":"https:\/\/pasaenmendoza.com\/index.php?rest_route=\/wp\/v2\/posts\/7383\/revisions\/7385"}],"wp:featuredmedia":[{"embeddable":true,"href":"https:\/\/pasaenmendoza.com\/index.php?rest_route=\/wp\/v2\/media\/7384"}],"wp:attachment":[{"href":"https:\/\/pasaenmendoza.com\/index.php?rest_route=%2Fwp%2Fv2%2Fmedia&parent=7383"}],"wp:term":[{"taxonomy":"category","embeddable":true,"href":"https:\/\/pasaenmendoza.com\/index.php?rest_route=%2Fwp%2Fv2%2Fcategories&post=7383"},{"taxonomy":"post_tag","embeddable":true,"href":"https:\/\/pasaenmendoza.com\/index.php?rest_route=%2Fwp%2Fv2%2Ftags&post=7383"}],"curies":[{"name":"wp","href":"https:\/\/api.w.org\/{rel}","templated":true}]}}