{"id":7386,"date":"2024-05-09T02:07:17","date_gmt":"2024-05-09T00:07:17","guid":{"rendered":"https:\/\/pasaenmendoza.com\/?p=7386"},"modified":"2024-05-09T02:09:50","modified_gmt":"2024-05-09T00:09:50","slug":"pese-al-paro-la-dge-ratifico-que-habra-clases-con-normalidad-este-jueves-en-mendoza","status":"publish","type":"post","link":"https:\/\/pasaenmendoza.com\/?p=7386","title":{"rendered":"Pese al paro, la DGE ratific\u00f3 que habr\u00e1 clases con normalidad este jueves en Mendoza"},"content":{"rendered":"\n<p>Ante algunos rumores de que podr\u00edan suspenderse las&nbsp;<strong>clases<\/strong>&nbsp;este jueves, a ra\u00edz del mega&nbsp;<strong>paro nacional&nbsp;<\/strong>impulsado por la CGT y otros gremios fuertes, la&nbsp;<strong>Direcci\u00f3n General de Escuelas<\/strong>&nbsp;sali\u00f3 a aclarar y ratificar que habr\u00e1 actividades con normalidad en&nbsp;<strong>Mendoza<\/strong>, en todos los niveles y turnos.<\/p>\n\n\n\n<p>Lo hizo a trav\u00e9s de su cuenta de Twitter, en una publicaci\u00f3n donde se\u00f1ala que es una &#8220;informaci\u00f3n importante&#8221; y especifica la decisi\u00f3n del gobierno escolar para este jueves 9 de mayo. Sin embargo, el resto de las actividades estar\u00e1n resentidas, como bancos, transporte y comercios, entre otros.<\/p>\n\n\n\n<p><strong>Fuente: diariomendoza.com.ar<\/strong><\/p>\n","protected":false},"excerpt":{"rendered":"<p>Ante algunos rumores de que podr\u00edan suspenderse las&nbsp;clases&nbsp;este jueves, a ra\u00edz del mega&nbsp;paro nacional&nbsp;impulsado por la CGT y otros gremios fuertes, la&nbsp;Direcci\u00f3n General de Escuelas&nbsp;sali\u00f3 a aclarar y ratificar que habr\u00e1 actividades con normalidad en&nbsp;Mendoza, en todos los niveles y turnos. Lo hizo a trav\u00e9s de su cuenta de Twitter, en una publicaci\u00f3n donde se\u00f1ala [&hellip;]<\/p>\n","protected":false},"author":2,"featured_media":7387,"comment_status":"open","ping_status":"open","sticky":false,"template":"","format":"standard","meta":[],"categories":[56],"tags":[],"_links":{"self":[{"href":"https:\/\/pasaenmendoza.com\/index.php?rest_route=\/wp\/v2\/posts\/7386"}],"collection":[{"href":"https:\/\/pasaenmendoza.com\/index.php?rest_route=\/wp\/v2\/posts"}],"about":[{"href":"https:\/\/pasaenmendoza.com\/index.php?rest_route=\/wp\/v2\/types\/post"}],"author":[{"embeddable":true,"href":"https:\/\/pasaenmendoza.com\/index.php?rest_route=\/wp\/v2\/users\/2"}],"replies":[{"embeddable":true,"href":"https:\/\/pasaenmendoza.com\/index.php?rest_route=%2Fwp%2Fv2%2Fcomments&post=7386"}],"version-history":[{"count":2,"href":"https:\/\/pasaenmendoza.com\/index.php?rest_route=\/wp\/v2\/posts\/7386\/revisions"}],"predecessor-version":[{"id":7390,"href":"https:\/\/pasaenmendoza.com\/index.php?rest_route=\/wp\/v2\/posts\/7386\/revisions\/7390"}],"wp:featuredmedia":[{"embeddable":true,"href":"https:\/\/pasaenmendoza.com\/index.php?rest_route=\/wp\/v2\/media\/7387"}],"wp:attachment":[{"href":"https:\/\/pasaenmendoza.com\/index.php?rest_route=%2Fwp%2Fv2%2Fmedia&parent=7386"}],"wp:term":[{"taxonomy":"category","embeddable":true,"href":"https:\/\/pasaenmendoza.com\/index.php?rest_route=%2Fwp%2Fv2%2Fcategories&post=7386"},{"taxonomy":"post_tag","embeddable":true,"href":"https:\/\/pasaenmendoza.com\/index.php?rest_route=%2Fwp%2Fv2%2Ftags&post=7386"}],"curies":[{"name":"wp","href":"https:\/\/api.w.org\/{rel}","templated":true}]}}