{"id":739,"date":"2023-08-16T16:01:16","date_gmt":"2023-08-16T14:01:16","guid":{"rendered":"https:\/\/pasaenmendoza.com\/?p=739"},"modified":"2023-08-16T16:01:17","modified_gmt":"2023-08-16T14:01:17","slug":"edemsa-corta-la-luz-en-varios-departamentos-de-mendoza","status":"publish","type":"post","link":"https:\/\/pasaenmendoza.com\/?p=739","title":{"rendered":"Edemsa corta la luz en varios departamentos de Mendoza"},"content":{"rendered":"\n<p>La\u00a0Empresa Distribuidora de Electricidad de Mendoza Sociedad An\u00f3nima (Edemsa), inform\u00f3 que este mi\u00e9rcoles 16 de agosto varios\u00a0<strong>departamentos\u00a0<\/strong>de la provincia sufrir\u00e1n\u00a0<strong>cortes de luz<\/strong>.<\/p>\n\n\n\n<p>Seg\u00fan inform\u00f3 la empresa, las interrupciones en el servicio se deben a tareas de mantenimiento en la red el\u00e9ctrica de la provincia.<\/p>\n\n\n\n<p>Los&nbsp;<strong>departamentos&nbsp;<\/strong>afectados son:<\/p>\n\n\n\n<ul>\n<li><strong>Ciudad<\/strong><\/li>\n<\/ul>\n\n\n\n<p>\u2013 Entre calles Roque S\u00e1enz Pe\u00f1a, Huarpes, Arist\u00f3bulo del Valle y Granaderos. De 9.20 a 13.20.<\/p>\n\n\n\n<ul>\n<li><strong>Lavalle<\/strong><\/li>\n<\/ul>\n\n\n\n<p>\u2013 En calle 9 de Julio, entre Don Bosco y Arenales; El Plumero. De 9.00 a 13.00<\/p>\n\n\n\n<ul>\n<li><strong>Luj\u00e1n<\/strong><\/li>\n<\/ul>\n\n\n\n<p>\u2013 En calle La Turbera. En el barrio Itat\u00ed; El Carrizal. De 9.00 a 13.00.<\/p>\n\n\n\n<ul>\n<li><strong>Maip\u00fa<\/strong><\/li>\n<\/ul>\n\n\n\n<p>\u2013 En calle 25 de Mayo Oeste, entre La Hermandad y Canal Pescara. De 9.30 a 13.00.<\/p>\n\n\n\n<p>\u2013 Entre calles Alejandro Su\u00e1rez, Dr. Brandi, Dionisio Herrero y Padre Vera. En calle Tomasa de San Mart\u00edn, entre J. Mart\u00ednez y Dionisio Herrero. De 9.30 a 13.30<\/p>\n\n\n\n<p>\u2013 En calle Mitre, entre Crucero General Belgrano y Castro Barros; General Ortega. De 9.30 a 12.30.<\/p>\n\n\n\n<ul>\n<li><strong>Tunuy\u00e1n<\/strong><\/li>\n<\/ul>\n\n\n\n<p>\u2013 En calle La Luz, hacia el norte de Los Volcanes; Las Pintadas. De 14.25 a 18.25.<\/p>\n\n\n\n<ul>\n<li><strong>San Carlos<\/strong><\/li>\n<\/ul>\n\n\n\n<p>\u2013 En calle El Indio, entre El Cepillo y P\u00fablica N\u00b010; Eugenio Bustos. De 9.25 a 13.25.<\/p>\n\n\n\n<ul>\n<li><strong>San Rafael<\/strong><\/li>\n<\/ul>\n\n\n\n<p>\u2013 Entre calles Zardini, Bertani, Costa V\u00eda Ferrocarril y El Zanj\u00f3n; El Usillal. De 9.00 a 13.00.<\/p>\n\n\n\n<p>\u2013 Entre calles Gral. Paz, San Mart\u00edn, Paso y Paran\u00e1. En la Nueva Terminal de \u00d3mnibus. De 15.15 a 18.15.<\/p>\n\n\n\n<p>\u2013 En calle Bifani, hacia el oeste de El Vencedor; Cuadro Benegas. De 14.30 a 18.30.<\/p>\n\n\n\n<p>\u2013 Entre calles Gral. Paz, Mitre, Beltr\u00e1n y Per\u00fa; Goudge. De 15.00 a 19.00.<\/p>\n\n\n\n<p>\u2013 En calle Arturo Illia, entre Luis Rojo y Ruta Nacional N\u00ba143; Salto de las Rosas. De 9.30 a 12.30.<\/p>\n\n\n\n<ul>\n<li><strong>Malarg\u00fce<\/strong><\/li>\n<\/ul>\n\n\n\n<p>\u2013 En calle Las Loicas, entre Los Pehuquenes Sur y Ruta Nacional N\u00b040. De 9.45 a 13.35.<\/p>\n\n\n\n<p><strong>Fuente: www.diariomendoza.com.ar<\/strong><\/p>\n","protected":false},"excerpt":{"rendered":"<p>La\u00a0Empresa Distribuidora de Electricidad de Mendoza Sociedad An\u00f3nima (Edemsa), inform\u00f3 que este mi\u00e9rcoles 16 de agosto varios\u00a0departamentos\u00a0de la provincia sufrir\u00e1n\u00a0cortes de luz. Seg\u00fan inform\u00f3 la empresa, las interrupciones en el servicio se deben a tareas de mantenimiento en la red el\u00e9ctrica de la provincia. Los&nbsp;departamentos&nbsp;afectados son: \u2013 Entre calles Roque S\u00e1enz Pe\u00f1a, Huarpes, Arist\u00f3bulo del [&hellip;]<\/p>\n","protected":false},"author":2,"featured_media":749,"comment_status":"open","ping_status":"open","sticky":false,"template":"","format":"standard","meta":[],"categories":[50],"tags":[],"_links":{"self":[{"href":"https:\/\/pasaenmendoza.com\/index.php?rest_route=\/wp\/v2\/posts\/739"}],"collection":[{"href":"https:\/\/pasaenmendoza.com\/index.php?rest_route=\/wp\/v2\/posts"}],"about":[{"href":"https:\/\/pasaenmendoza.com\/index.php?rest_route=\/wp\/v2\/types\/post"}],"author":[{"embeddable":true,"href":"https:\/\/pasaenmendoza.com\/index.php?rest_route=\/wp\/v2\/users\/2"}],"replies":[{"embeddable":true,"href":"https:\/\/pasaenmendoza.com\/index.php?rest_route=%2Fwp%2Fv2%2Fcomments&post=739"}],"version-history":[{"count":1,"href":"https:\/\/pasaenmendoza.com\/index.php?rest_route=\/wp\/v2\/posts\/739\/revisions"}],"predecessor-version":[{"id":750,"href":"https:\/\/pasaenmendoza.com\/index.php?rest_route=\/wp\/v2\/posts\/739\/revisions\/750"}],"wp:featuredmedia":[{"embeddable":true,"href":"https:\/\/pasaenmendoza.com\/index.php?rest_route=\/wp\/v2\/media\/749"}],"wp:attachment":[{"href":"https:\/\/pasaenmendoza.com\/index.php?rest_route=%2Fwp%2Fv2%2Fmedia&parent=739"}],"wp:term":[{"taxonomy":"category","embeddable":true,"href":"https:\/\/pasaenmendoza.com\/index.php?rest_route=%2Fwp%2Fv2%2Fcategories&post=739"},{"taxonomy":"post_tag","embeddable":true,"href":"https:\/\/pasaenmendoza.com\/index.php?rest_route=%2Fwp%2Fv2%2Ftags&post=739"}],"curies":[{"name":"wp","href":"https:\/\/api.w.org\/{rel}","templated":true}]}}