{"id":7397,"date":"2024-05-09T14:34:32","date_gmt":"2024-05-09T12:34:32","guid":{"rendered":"https:\/\/pasaenmendoza.com\/?p=7397"},"modified":"2024-05-09T14:34:33","modified_gmt":"2024-05-09T12:34:33","slug":"la-teoria-del-paro-democratico-de-palazzo-aplicada-en-mendoza","status":"publish","type":"post","link":"https:\/\/pasaenmendoza.com\/?p=7397","title":{"rendered":"La teor\u00eda del paro &#8220;democr\u00e1tico&#8221; de Palazzo aplicada en Mendoza"},"content":{"rendered":"\n<p>&#8220;\u00c9l nos dec\u00eda:\u00a0<em>el paro tambi\u00e9n es democr\u00e1tico<\/em>. Y me qued\u00f3 resonando eso en mi cabeza. Tambi\u00e9n dijo que\u00a0<em>todos convocamos al paro, pero democr\u00e1ticamente los trabajadores podemos decidir a adherir o no<\/em>.\u00a0<strong>Obviamente que todas las organizaciones vamos a adherir al paro, pero los trabajadores tienen la libertad de parar o no<\/strong>&#8220;.<\/p>\n\n\n\n<p>En una provincia como Mendoza, donde el nivel de imagen positiva de\u00a0<strong>Javier Gerardo Milei<\/strong>\u00a0es del 63 por ciento, es claro que es un escenario adverso para cualquier llamado sindical a un paro de actividades contra las pol\u00edticas del presidente, como el que se convoca hoy jueves 9 de mayo.<\/p>\n\n\n\n<p>Por eso la referencia de Sedano son los argumentos de\u00a0<strong>Sergio Palazzo,<\/strong>\u00a0el mendocino que lidera la Asociaci\u00f3n Bancaria a nivel nacional y a la vez es diputado nacional del peronismo por Provincia de Buenos Aires. Por esa l\u00ednea de estrategia sindical,\u00a0<strong>en Mendoza se ha decidido &#8220;invitar&#8221; a parar<\/strong>,\u00a0<strong>sin expectativas de una gran adhesi\u00f3n<\/strong>\u00a0y aspirando a promover que sea\u00a0<strong>un d\u00eda con clima de protesta, de malestar, contra las pol\u00edticas de Milei<\/strong>.<\/p>\n\n\n\n<p><strong>Los mismos dirigentes gremiales esperan que haya actividades casi sin sobresaltos<\/strong>. Por ejemplo, los bancarios parar\u00e1n en los lugares de trabajo y atender\u00e1n solo a las personas jubiladas; los choferes de micros no est\u00e1n obligados a parar, como tampoco lo est\u00e1n las maestras. La dirigencia gremial solo presume de base que se incomoden quienes utilizan el transporte p\u00fablico por la restricci\u00f3n que el mismo empresariado del sector ha previsto, con un servicio similar al de un d\u00eda s\u00e1bado, es decir, comenzar a hacer los recorridos a las 6:00 y finalizar a las 00:00 (un servicio acotado al 60 por ciento del transporte con respecto al que se da en un d\u00eda h\u00e1bil).<\/p>\n\n\n\n<p>S\u00ed esperan los dirigentes gremiales tener visibilidad con\u00a0<strong>un acto que han preparado<\/strong> a metros del &#8220;kil\u00f3metro cero&#8221;, para manifestar su apoyo a las 50 personas que fueron cesanteadas de distintos sectores de la empresa period\u00edstica m\u00e1s antigua de Mendoza y que est\u00e1 pronto a ser vendida.<\/p>\n\n\n\n<p>Ser sindicalista en tiempos&nbsp; de Milei&nbsp;<\/p>\n\n\n\n<p>Esta situaci\u00f3n ha sido analizada por los dirigentes cegetistas y de las dem\u00e1s centrales obreras que convocan a la medida de fuerza. La c\u00fapula sindical nacional tambi\u00e9n es consciente de esta realidad que se replica en las dem\u00e1s ciudades centrales de la Argentina, por eso entienden que su postura debe ser r\u00edgida en el discurso contra el gobierno y flexible con quienes todav\u00eda representan en la formalidad de las entidades sindicales. Es decir, est\u00e1n en una posici\u00f3n dif\u00edcil en cuanto a la credibilidad p\u00fablica y porque el oficialismo los emparenta con&nbsp; el peronismo, hoy denostado y en retroceso en la imagen p\u00fablica.<\/p>\n\n\n\n<p>La alusi\u00f3n de Sedano hacia la figura del jefe de los bancarios es el recuerdo fresco todav\u00eda del acto que se hizo en el sal\u00f3n B\u00e1ltico del sindicato de los empleados de las estaciones de servicio, liderado por Jos\u00e9 Escoda. Fue el viernes 3 con Palazzo como principal orador de una reuni\u00f3n organizada para agradecer a quienes ayudaron a juntar m\u00e1s de un mill\u00f3n de firmas en rechazo de la privatizaci\u00f3n del Banco Naci\u00f3n.<\/p>\n\n\n\n<p>Palazzo habl\u00f3 durante un poco m\u00e1s de una hora esa tarde ante un recinto colmado de dirigentes sindicales y referentes del peronismo, como los diputados Adolfo Bermejo y Mart\u00edn Aveiro, y la ex diputada nacional Marisa Uceda. Palazzo desmenuz\u00f3 cr\u00edticamente la ley Bases que hab\u00eda sido aprobada por la C\u00e1mara baja y apunt\u00f3 a que el mismo cuerpo legislativo ten\u00eda que bajarle el pulgar al DNU 70\/23.<\/p>\n\n\n\n<p>El paro como opci\u00f3n<\/p>\n\n\n\n<p>Tambi\u00e9n se dio espacio en ese discurso para la autocr\u00edtica hacia dentro del peronismo.&nbsp;<strong>&#8220;Es cierto que no lo vimos venir y nunca pensamos que nos pasar\u00eda esto: que nos gobierne Javier Milei y sus pol\u00edticas<\/strong>&#8220;, dijo, lament\u00e1ndose ante la audiencia gremialista.&nbsp;<\/p>\n\n\n\n<p>Y sobre el final plante\u00f3 el panorama previo al paro previsto para hoy jueves. La observaci\u00f3n es de uno de los dirigentes que organizaron este d\u00eda de reclamo, un llamando a la huelga en un ambiente que se eval\u00faa como poco propicio para el acatamiento de una medida de fuerza. Veamos lo que dijo Palazzo hace seis d\u00edas en Mendoza.&nbsp;&nbsp;<\/p>\n\n\n\n<p><strong>\u2022\u00a0C\u00f3mo se mide un paro.<\/strong>\u00a0<em>Un paro no se mide solo por la cantidad de gente que ese d\u00eda fue a trabajar o no. Muy por el contrario: si hay compa\u00f1eras y compa\u00f1eros que no entienden la necesidad de la medida de fuerza y van a trabajar, eso realza nuestra posici\u00f3n de que democr\u00e1ticamente lo respetamos a pesar de que no compartimos su criterio. Y se da por tierra a ese viejo apotegma que tiene (el gobierno) de que porque largamos un paro somos todos patoteros y somos los que le impedimos al gobierno gobernar.<\/em><\/p>\n\n\n\n<p><strong>\u2022&nbsp;<\/strong><strong>Si quieren, trabajen.<\/strong>&nbsp;<em>C\u00f3mo ser\u00e1 de justo el sistema sindical y la democracia sindical que, a pesar de haber sido votada una medida de fuerza en asamblea en plenario, quien quiere ir a trabajar lo hace, por m\u00e1s que no estemos de acuerdo. Entonces, lo primero es que terminen con el discursito de que nosotros los obligamos a que no vayan a trabajar.&nbsp;<\/em><\/p>\n\n\n\n<p><strong>\u2022\u00a0Cr\u00e9dito para Milei.<\/strong>\u00a0<em>La verdad que s\u00ed me importa que seamos muchos los que paremos, pero tambi\u00e9n soy consciente de que hay una parte de la sociedad que todav\u00eda le est\u00e1 dando un cr\u00e9dito a este presidente, pero es el puntapi\u00e9 inicial para continuar, porque cada vez vamos a ser m\u00e1s los que estemos en la calle. Cada vez vamos a ser m\u00e1s los que paremos, porque lamentablemente cada vez van a ser m\u00e1s los que sufren y padecen las consecuencias de este programa econ\u00f3mico.<\/em><\/p>\n\n\n\n<p>FUENTE: Mendozapost.<\/p>\n","protected":false},"excerpt":{"rendered":"<p>&#8220;\u00c9l nos dec\u00eda:\u00a0el paro tambi\u00e9n es democr\u00e1tico. Y me qued\u00f3 resonando eso en mi cabeza. Tambi\u00e9n dijo que\u00a0todos convocamos al paro, pero democr\u00e1ticamente los trabajadores podemos decidir a adherir o no.\u00a0Obviamente que todas las organizaciones vamos a adherir al paro, pero los trabajadores tienen la libertad de parar o no&#8220;. En una provincia como Mendoza, [&hellip;]<\/p>\n","protected":false},"author":2,"featured_media":7398,"comment_status":"open","ping_status":"open","sticky":true,"template":"","format":"standard","meta":[],"categories":[47],"tags":[],"_links":{"self":[{"href":"https:\/\/pasaenmendoza.com\/index.php?rest_route=\/wp\/v2\/posts\/7397"}],"collection":[{"href":"https:\/\/pasaenmendoza.com\/index.php?rest_route=\/wp\/v2\/posts"}],"about":[{"href":"https:\/\/pasaenmendoza.com\/index.php?rest_route=\/wp\/v2\/types\/post"}],"author":[{"embeddable":true,"href":"https:\/\/pasaenmendoza.com\/index.php?rest_route=\/wp\/v2\/users\/2"}],"replies":[{"embeddable":true,"href":"https:\/\/pasaenmendoza.com\/index.php?rest_route=%2Fwp%2Fv2%2Fcomments&post=7397"}],"version-history":[{"count":1,"href":"https:\/\/pasaenmendoza.com\/index.php?rest_route=\/wp\/v2\/posts\/7397\/revisions"}],"predecessor-version":[{"id":7399,"href":"https:\/\/pasaenmendoza.com\/index.php?rest_route=\/wp\/v2\/posts\/7397\/revisions\/7399"}],"wp:featuredmedia":[{"embeddable":true,"href":"https:\/\/pasaenmendoza.com\/index.php?rest_route=\/wp\/v2\/media\/7398"}],"wp:attachment":[{"href":"https:\/\/pasaenmendoza.com\/index.php?rest_route=%2Fwp%2Fv2%2Fmedia&parent=7397"}],"wp:term":[{"taxonomy":"category","embeddable":true,"href":"https:\/\/pasaenmendoza.com\/index.php?rest_route=%2Fwp%2Fv2%2Fcategories&post=7397"},{"taxonomy":"post_tag","embeddable":true,"href":"https:\/\/pasaenmendoza.com\/index.php?rest_route=%2Fwp%2Fv2%2Ftags&post=7397"}],"curies":[{"name":"wp","href":"https:\/\/api.w.org\/{rel}","templated":true}]}}