{"id":740,"date":"2023-08-16T15:18:41","date_gmt":"2023-08-16T13:18:41","guid":{"rendered":"https:\/\/pasaenmendoza.com\/?p=740"},"modified":"2023-08-16T15:18:42","modified_gmt":"2023-08-16T13:18:42","slug":"miercoles-agradable-y-leve-descenso-de-temperatura-para-manana","status":"publish","type":"post","link":"https:\/\/pasaenmendoza.com\/?p=740","title":{"rendered":"Mi\u00e9rcoles agradable y leve descenso de temperatura para ma\u00f1ana"},"content":{"rendered":"\n<p>Este mi\u00e9rcoles contin\u00faa el tiempo c\u00e1lido y con cielo parcialmente nublado, pero a partir de ma\u00f1ana jueves comienza a descender la temperatura, aunque no se esperan temperaturas m\u00e1ximas t\u00edpicas del invierno.\u00a0<\/p>\n\n\n\n<p>El pron\u00f3stico del Servicio Meteorol\u00f3gico Nacional indica para hoy una temperatura m\u00ednima de 10\u00b0 y una m\u00e1xima de 23\u00b0.\u00a0<\/p>\n\n\n\n<p>El viento permanecer\u00e1 calmo y el cielo estar\u00e1 algo nublado por la ma\u00f1ana p\u00e9ro la nubosidad aumentar\u00e1 hacia la noche.\u00a0<\/p>\n\n\n\n<p>Tambi\u00e9n a partir del mediod\u00eda comenzar\u00e1 a correr birsa del Sureste, que marcar\u00e1 un leve descenso de la temperatura.\u00a0<\/p>\n\n\n\n<p>Para ma\u00f1ana jueves, el pron\u00f3stico indica una m\u00ednima de 6\u00b0 y una m\u00e1xima de 18, que bajar\u00e1 a 16\u00b0 el viernes, pero el fin de semana volver\u00e1 a ascender y se espera un domingo bien primaveral, con una m\u00e1xima de 25\u00b0.\u00a0<\/p>\n\n\n\n<p>Seg\u00fan las previsiones del SMN no hay lluvias previstas para los pr\u00f3ximos siete d\u00edas.\u00a0<\/p>\n\n\n\n<p><strong>Fuente: www.mendozapost.com<\/strong><\/p>\n","protected":false},"excerpt":{"rendered":"<p>Este mi\u00e9rcoles contin\u00faa el tiempo c\u00e1lido y con cielo parcialmente nublado, pero a partir de ma\u00f1ana jueves comienza a descender la temperatura, aunque no se esperan temperaturas m\u00e1ximas t\u00edpicas del invierno.\u00a0 El pron\u00f3stico del Servicio Meteorol\u00f3gico Nacional indica para hoy una temperatura m\u00ednima de 10\u00b0 y una m\u00e1xima de 23\u00b0.\u00a0 El viento permanecer\u00e1 calmo y [&hellip;]<\/p>\n","protected":false},"author":2,"featured_media":741,"comment_status":"open","ping_status":"open","sticky":false,"template":"","format":"standard","meta":[],"categories":[52],"tags":[],"_links":{"self":[{"href":"https:\/\/pasaenmendoza.com\/index.php?rest_route=\/wp\/v2\/posts\/740"}],"collection":[{"href":"https:\/\/pasaenmendoza.com\/index.php?rest_route=\/wp\/v2\/posts"}],"about":[{"href":"https:\/\/pasaenmendoza.com\/index.php?rest_route=\/wp\/v2\/types\/post"}],"author":[{"embeddable":true,"href":"https:\/\/pasaenmendoza.com\/index.php?rest_route=\/wp\/v2\/users\/2"}],"replies":[{"embeddable":true,"href":"https:\/\/pasaenmendoza.com\/index.php?rest_route=%2Fwp%2Fv2%2Fcomments&post=740"}],"version-history":[{"count":1,"href":"https:\/\/pasaenmendoza.com\/index.php?rest_route=\/wp\/v2\/posts\/740\/revisions"}],"predecessor-version":[{"id":742,"href":"https:\/\/pasaenmendoza.com\/index.php?rest_route=\/wp\/v2\/posts\/740\/revisions\/742"}],"wp:featuredmedia":[{"embeddable":true,"href":"https:\/\/pasaenmendoza.com\/index.php?rest_route=\/wp\/v2\/media\/741"}],"wp:attachment":[{"href":"https:\/\/pasaenmendoza.com\/index.php?rest_route=%2Fwp%2Fv2%2Fmedia&parent=740"}],"wp:term":[{"taxonomy":"category","embeddable":true,"href":"https:\/\/pasaenmendoza.com\/index.php?rest_route=%2Fwp%2Fv2%2Fcategories&post=740"},{"taxonomy":"post_tag","embeddable":true,"href":"https:\/\/pasaenmendoza.com\/index.php?rest_route=%2Fwp%2Fv2%2Ftags&post=740"}],"curies":[{"name":"wp","href":"https:\/\/api.w.org\/{rel}","templated":true}]}}