{"id":7400,"date":"2024-05-09T14:41:37","date_gmt":"2024-05-09T12:41:37","guid":{"rendered":"https:\/\/pasaenmendoza.com\/?p=7400"},"modified":"2024-05-09T14:41:39","modified_gmt":"2024-05-09T12:41:39","slug":"se-freno-la-conformacion-de-la-bicameral-de-seguridad-por-la-ruptura-de-ramon-y-cairo-de-sus-bloques","status":"publish","type":"post","link":"https:\/\/pasaenmendoza.com\/?p=7400","title":{"rendered":"Se fren\u00f3 la conformaci\u00f3n de la Bicameral de Seguridad por la ruptura de Ram\u00f3n y Cairo de sus bloques"},"content":{"rendered":"\n<p>Ram\u00f3n abandon\u00f3 por mensaje su bloque y ahora exige estar en la Bicameral de Seguridad. El PJ ya env\u00edo el nombre de otro diputado. Cairo hab\u00eda roto con LUM.<\/p>\n\n\n\n<p>Despu\u00e9s de meses de idas y vueltas entre el oficialismo y la oposici\u00f3n\u00a0iba a constituirse este jueves la\u00a0<strong>Bicameral de Seguridad<\/strong>. Sin embargo, el portazo que pegaron dos diputados &#8211;<strong>\u00a0Jos\u00e9 Luis Ram\u00f3n y Gustavo Cairo-<\/strong>\u00a0de sus bloques aplaz\u00f3 la constituci\u00f3n de la comisi\u00f3n. En el oficialismo hay molestias por la actitud de la oposici\u00f3n.<\/p>\n\n\n\n<p>El pasado 18 de abril los legisladores hab\u00edan llegado a un&nbsp;<strong>acuerdo<\/strong>&nbsp;sobre cu\u00e1ntos integrantes iba a tener cada bloque. As\u00ed, el acuerdo era que la integren 14 miembros: 7 por Diputados y 7 por Senadores, distribuidos en 2 lugares para Cambia Mendoza, 2 para La Uni\u00f3n Mendocina, y dos para el PJ. En tanto, el otro lugar ser\u00e1 para el Partido Verde en Diputados, y para el PD en el Senado.<\/p>\n\n\n\n<p>Lo que pas\u00f3 ahora es que dos diputados, que\u00a0<strong>estaban elegidos para conformar dicha comisi\u00f3n,<\/strong>\u00a0abandonaron sus respectivos bloques. Se trata de\u00a0<strong>Ram\u00f3n<\/strong>, del\u00a0<strong>interbloque del PJ\u00a0<\/strong>y seleccionado como representante en la Bicameral, y el diputado\u00a0<strong>Cairo<\/strong>, quien representaba al\u00a0<strong>bloque de La Uni\u00f3n Mendocina.<\/strong><\/p>\n\n\n\n<p>&#8220;Nos \u00edbamos a juntar ma\u00f1ana (por este jueves), y no nos podemos juntar. Insistieron (la oposici\u00f3n) durante meses y ahora que estamos todos de acuerdo con conformarla se pelean. Porque no est\u00e1n terminadas de definir las autoridades. Vamos a esperar la semana que viene a ver si se dejan de pelear&#8221;, asegur\u00f3 una de las voces del radicalismo en la Legislatura.<\/p>\n\n\n\n<h2 class=\"wp-block-heading\">C\u00f3mo ser\u00e1n los cambios en la Bicameral de Seguridad<\/h2>\n\n\n\n<p>Los cambios no ser\u00e1n f\u00e1cil. El peronismo entiende que el lugar en la Bicameral le corresponde al bloque del PJ, y ya env\u00edo una nota a las autoridades legislativas explicando que a Ram\u00f3n lo reemplaza el peronista&nbsp;<strong>Juan Pablo Gulino.<\/strong><\/p>\n\n\n\n<p>El problema es que\u00a0<strong>Ram\u00f3n piensa precisamente lo contrario<\/strong>. Que el lugar del PJ le corresponde a \u00e9l.<\/p>\n\n\n\n<p>&#8220;\u00bfC\u00f3mo que no me corresponde?&nbsp;<strong>Soy un legislador, miembro de un partido<\/strong>&nbsp;del cual soy presidente y que tiene representaci\u00f3n parlamentaria.&nbsp;<strong>Lo dice la ley de creaci\u00f3n de la Comisi\u00f3n Bicameral de Seguridad<\/strong>&#8220;, exclam\u00f3 a Diario UNO Ram\u00f3n at\u00f3nito por la nota de los peronistas.<\/p>\n\n\n\n<p>&#8220;Ellos tienen que resolver sus propios temas. Pero&nbsp;<strong>que ellos no se metan en nuestro partido<\/strong>&#8220;, agreg\u00f3.<\/p>\n\n\n\n<p>El caso de La Uni\u00f3n Mendocina es distinto porque\u00a0<strong>Cairo no pretende generar problemas<\/strong>, seg\u00fan coment\u00f3 a este medio. Y desde\u00a0<strong>LUM\u00a0<\/strong>ya enviaron una nota dirigida al presidente de la c\u00e1mara, Andr\u00e9s Lombardi,\u00a0<strong>explicando que Cintia G\u00f3mez tomar\u00e1 su lugar.<\/strong><\/p>\n\n\n\n<p>&#8220;Lo que habl\u00e9 con LUM es que quer\u00eda que estuviera todo bien, entonces puse todo a disposici\u00f3n. Estaba en Hacienda, en LAC y en la Bicameral&#8221;, sum\u00f3 el legislador del PRO.<\/p>\n\n\n\n<p>&#8220;Puse a disposici\u00f3n el lugar de Hacienda y va a entrar Laura Balsells-Mir\u00f3 en mi lugar. Har\u00e1n un enroque y pasar\u00e9 de Hacienda a Relaciones Internacionales&#8221;, explic\u00f3 el legislador.<\/p>\n\n\n\n<p>Entonces, ahora todo vuelve marcha atr\u00e1s. Los distintos bloques deber\u00e1n acordar, nuevamente, cu\u00e1ntos miembros le corresponde a cada fuerza. Lo que el radicalismo espera que est\u00e9 listo para la semana pr\u00f3xima.<\/p>\n\n\n\n<h2 class=\"wp-block-heading\">Ram\u00f3n abandon\u00f3 el bloque peronista a trav\u00e9s de un mensaje de Whatsapp<\/h2>\n\n\n\n<p>El zigzagueante Ram\u00f3n -que hizo un acuerdo con el peronismo, luego rompi\u00f3 y finalmente volvi\u00f3- avis\u00f3 a sus pares peronistas por\u00a0<strong>Whatsapp<\/strong>\u00a0que abandonaba el bloque para formar el &#8220;b<strong>loque de los consumidores y ciudadanos&#8221;<\/strong>.<\/p>\n\n\n\n<p>&#8220;Hoy en la reuni\u00f3n de la junta del partido hemos resuelto&nbsp;<strong>volver a nuestra base originaria<\/strong>. Ha sido un placer este tiempo que pas\u00f3 compartir el interbloque. Obvio, que seguimos en sinton\u00eda de ideas, pero la decisi\u00f3n es hacerlo con&nbsp;<strong>nuestra propia identidad<\/strong>. Estoy 100% a disposici\u00f3n de todo lo que se nos ocurra en este camino. Estoy muy agradecido con cada una\/o del grupo. Gracias&#8221;, escribi\u00f3 Ram\u00f3n en la red social de mensajer\u00eda.<\/p>\n\n\n\n<p>En di\u00e1logo con el ex legislador nacional dio una versi\u00f3n distinta: &#8220;Me fui porque\u00a0<strong>no estoy sentado en la mesa de toma de decisiones<\/strong>\u00a0de los\u00a0<strong>acuerdos\u00a0<\/strong>que hace el\u00a0<strong>peronismo con el radicalismo y con La Uni\u00f3n Mendocina<\/strong>&#8220;.<\/p>\n\n\n\n<p>&#8220;Entonces ya no formamos parte de un interbloque si yo no puedo participar de ese tipo de toma de discusiones. No hay nada malo, no hay enojo, nada.&nbsp;<strong>Ellos pol\u00edticamente no me dan lugar<\/strong>&#8220;, asegur\u00f3.<\/p>\n\n\n\n<p>As\u00ed, el fundador de Protectora rompi\u00f3 el acuerdo que ten\u00eda con el peronismo. &#8220;Sigo mi camino como el que he venido teniendo. Es decir,<strong>\u00a0vuelvo a ser un loco malo como al principio<\/strong>&#8220;, cerr\u00f3.<\/p>\n\n\n\n<p>FUENTE: Diariouno.com.ar<\/p>\n","protected":false},"excerpt":{"rendered":"<p>Ram\u00f3n abandon\u00f3 por mensaje su bloque y ahora exige estar en la Bicameral de Seguridad. El PJ ya env\u00edo el nombre de otro diputado. Cairo hab\u00eda roto con LUM. Despu\u00e9s de meses de idas y vueltas entre el oficialismo y la oposici\u00f3n\u00a0iba a constituirse este jueves la\u00a0Bicameral de Seguridad. Sin embargo, el portazo que pegaron [&hellip;]<\/p>\n","protected":false},"author":2,"featured_media":7402,"comment_status":"open","ping_status":"open","sticky":true,"template":"","format":"standard","meta":[],"categories":[47],"tags":[],"_links":{"self":[{"href":"https:\/\/pasaenmendoza.com\/index.php?rest_route=\/wp\/v2\/posts\/7400"}],"collection":[{"href":"https:\/\/pasaenmendoza.com\/index.php?rest_route=\/wp\/v2\/posts"}],"about":[{"href":"https:\/\/pasaenmendoza.com\/index.php?rest_route=\/wp\/v2\/types\/post"}],"author":[{"embeddable":true,"href":"https:\/\/pasaenmendoza.com\/index.php?rest_route=\/wp\/v2\/users\/2"}],"replies":[{"embeddable":true,"href":"https:\/\/pasaenmendoza.com\/index.php?rest_route=%2Fwp%2Fv2%2Fcomments&post=7400"}],"version-history":[{"count":1,"href":"https:\/\/pasaenmendoza.com\/index.php?rest_route=\/wp\/v2\/posts\/7400\/revisions"}],"predecessor-version":[{"id":7403,"href":"https:\/\/pasaenmendoza.com\/index.php?rest_route=\/wp\/v2\/posts\/7400\/revisions\/7403"}],"wp:featuredmedia":[{"embeddable":true,"href":"https:\/\/pasaenmendoza.com\/index.php?rest_route=\/wp\/v2\/media\/7402"}],"wp:attachment":[{"href":"https:\/\/pasaenmendoza.com\/index.php?rest_route=%2Fwp%2Fv2%2Fmedia&parent=7400"}],"wp:term":[{"taxonomy":"category","embeddable":true,"href":"https:\/\/pasaenmendoza.com\/index.php?rest_route=%2Fwp%2Fv2%2Fcategories&post=7400"},{"taxonomy":"post_tag","embeddable":true,"href":"https:\/\/pasaenmendoza.com\/index.php?rest_route=%2Fwp%2Fv2%2Ftags&post=7400"}],"curies":[{"name":"wp","href":"https:\/\/api.w.org\/{rel}","templated":true}]}}