{"id":7404,"date":"2024-05-09T15:31:54","date_gmt":"2024-05-09T13:31:54","guid":{"rendered":"https:\/\/pasaenmendoza.com\/?p=7404"},"modified":"2024-05-09T15:31:55","modified_gmt":"2024-05-09T13:31:55","slug":"el-tiempo-en-mendoza-jueves-con-arranque-fresco-y-un-frente-frio-polar-que-se-aproxima","status":"publish","type":"post","link":"https:\/\/pasaenmendoza.com\/?p=7404","title":{"rendered":"El tiempo en Mendoza: jueves con arranque fresco y un frente fr\u00edo polar que se aproxima"},"content":{"rendered":"\n<p>El<strong>&nbsp;jueves<\/strong>&nbsp;arranca con poca nubosidad con ascenso de la temperatura, vientos moderados del noreste. Heladas parciales.&nbsp;<mark>La m\u00ednima ser\u00e1 de 4 grados y la m\u00e1xima de 17.<\/mark><\/p>\n\n\n\n<p>Para el&nbsp;<strong>viernes<\/strong>, la&nbsp;<strong>Direcci\u00f3n de Contingencias Clim\u00e1ticas<\/strong>&nbsp;indica: \u201cPoca nubosidad con ascenso de la temperatura, vientos moderados del noreste. Heladas parciales\u201d.&nbsp;<mark>La m\u00ednima ser\u00e1 de 4 grados y la m\u00e1xima de 18.<\/mark><\/p>\n\n\n\n<p>El<strong>\u00a0s\u00e1bado\u00a0<\/strong>ingresa un<strong>\u00a0frente fr\u00edo polar<\/strong>\u00a0que se extender\u00e1 hasta la pr\u00f3xima semana, con m\u00ednimas y m\u00e1ximas muy bajas. Para esa jornada el cielo estar\u00e1 parcialmente nublado con descenso de la temperatura, vientos moderados del sudeste.\u00a0<mark>La m\u00ednima ser\u00e1 de 5 grados y la m\u00e1xima de 14.<\/mark><\/p>\n\n\n\n<h2 class=\"wp-block-heading\" id=\"h-la-situacion-en-alta-montana\">La situaci\u00f3n en alta monta\u00f1a<\/h2>\n\n\n\n<p>El&nbsp;<strong>Sistema Integrado Cristo Redentor<\/strong>&nbsp;se encuentra<mark>&nbsp;habilitado<\/mark>&nbsp;para todo tipo de veh\u00edculos, durante las 24 horas.<\/p>\n\n\n\n<p>El\u00a0<strong>paso Pehuenche<\/strong>\u00a0est\u00e1\u00a0<mark>cerrado.<\/mark><\/p>\n\n\n\n<p><strong>Fuente: www.elsol.com.ar<\/strong><\/p>\n","protected":false},"excerpt":{"rendered":"<p>El&nbsp;jueves&nbsp;arranca con poca nubosidad con ascenso de la temperatura, vientos moderados del noreste. Heladas parciales.&nbsp;La m\u00ednima ser\u00e1 de 4 grados y la m\u00e1xima de 17. Para el&nbsp;viernes, la&nbsp;Direcci\u00f3n de Contingencias Clim\u00e1ticas&nbsp;indica: \u201cPoca nubosidad con ascenso de la temperatura, vientos moderados del noreste. Heladas parciales\u201d.&nbsp;La m\u00ednima ser\u00e1 de 4 grados y la m\u00e1xima de 18. El\u00a0s\u00e1bado\u00a0ingresa [&hellip;]<\/p>\n","protected":false},"author":2,"featured_media":7405,"comment_status":"open","ping_status":"open","sticky":false,"template":"","format":"standard","meta":[],"categories":[52],"tags":[],"_links":{"self":[{"href":"https:\/\/pasaenmendoza.com\/index.php?rest_route=\/wp\/v2\/posts\/7404"}],"collection":[{"href":"https:\/\/pasaenmendoza.com\/index.php?rest_route=\/wp\/v2\/posts"}],"about":[{"href":"https:\/\/pasaenmendoza.com\/index.php?rest_route=\/wp\/v2\/types\/post"}],"author":[{"embeddable":true,"href":"https:\/\/pasaenmendoza.com\/index.php?rest_route=\/wp\/v2\/users\/2"}],"replies":[{"embeddable":true,"href":"https:\/\/pasaenmendoza.com\/index.php?rest_route=%2Fwp%2Fv2%2Fcomments&post=7404"}],"version-history":[{"count":1,"href":"https:\/\/pasaenmendoza.com\/index.php?rest_route=\/wp\/v2\/posts\/7404\/revisions"}],"predecessor-version":[{"id":7406,"href":"https:\/\/pasaenmendoza.com\/index.php?rest_route=\/wp\/v2\/posts\/7404\/revisions\/7406"}],"wp:featuredmedia":[{"embeddable":true,"href":"https:\/\/pasaenmendoza.com\/index.php?rest_route=\/wp\/v2\/media\/7405"}],"wp:attachment":[{"href":"https:\/\/pasaenmendoza.com\/index.php?rest_route=%2Fwp%2Fv2%2Fmedia&parent=7404"}],"wp:term":[{"taxonomy":"category","embeddable":true,"href":"https:\/\/pasaenmendoza.com\/index.php?rest_route=%2Fwp%2Fv2%2Fcategories&post=7404"},{"taxonomy":"post_tag","embeddable":true,"href":"https:\/\/pasaenmendoza.com\/index.php?rest_route=%2Fwp%2Fv2%2Ftags&post=7404"}],"curies":[{"name":"wp","href":"https:\/\/api.w.org\/{rel}","templated":true}]}}