{"id":7410,"date":"2024-05-09T15:52:18","date_gmt":"2024-05-09T13:52:18","guid":{"rendered":"https:\/\/pasaenmendoza.com\/?p=7410"},"modified":"2024-05-09T15:52:19","modified_gmt":"2024-05-09T13:52:19","slug":"la-condena-por-abusos-en-la-u-32-y-un-llamado-de-atencion-al-servicio-penitenciario-federal","status":"publish","type":"post","link":"https:\/\/pasaenmendoza.com\/?p=7410","title":{"rendered":"La condena por abusos en la U-32 y un llamado de atenci\u00f3n al Servicio Penitenciario Federal"},"content":{"rendered":"\n<p>Hace poco m\u00e1s de cuatro a\u00f1os, un caso de abusos y maltratos en contexto de<strong>&nbsp;violencia de g\u00e9nero&nbsp;<\/strong>estall\u00f3 en el&nbsp;<strong>Centro de Detenci\u00f3n Judicial Unidad 32<\/strong>, ubicado en el mismo edificio que los&nbsp;<strong>Tribunales federales de Mendoza<\/strong>.<\/p>\n\n\n\n<p>Fueron una agente y una subalcaide las que denunciaron a dos superiores por una serie de situaciones que padecieron mientras cumpl\u00edan servicios en ese edificio federal: detallaron&nbsp;<mark><strong>maltratos<\/strong>,&nbsp;<strong>hostigamientos&nbsp;<\/strong>y hasta&nbsp;<strong>abuso sexual<\/strong><\/mark><strong>.<\/strong><\/p>\n\n\n\n<p>Los apuntados fueron\u00a0<strong>Alfredo Gabriel Mart\u00ednez Zanelli<\/strong>\u00a0(46), quien por aquel entonces se desempe\u00f1aba como director del U-32, y\u00a0<strong>Carlos Guillermo Maidana Mikunda<\/strong>, ex jefe de seguridad interna de ese Centro de Detenci\u00f3n.<\/p>\n\n\n\n<p>Este mi\u00e9rcoles, los dos imputados fueron condenados por el&nbsp;<strong>Tribunal Oral Federal N\u00ba 2&nbsp;<\/strong>(<strong>TOF<\/strong>), que<mark>&nbsp;le hizo un llamado de atenci\u00f3n al&nbsp;<strong>Servicio Penitenciario Federal<\/strong>&nbsp;(<strong>SPF<\/strong>) para evitar que vuelvan a ocurrir hechos de similares caracter\u00edsticas<\/mark>.<\/p>\n\n\n\n<p>El primero, originario de\u00a0<strong>Misiones\u00a0<\/strong>y actualmente domiciliado en\u00a0<strong>Ezeiza<\/strong>,\u00a0<strong>provincia de Buenos Aires<\/strong>, fue sindicado en principio por<em>\u00a0\u201cmaltrato laboral, hostigamientos y amenazas\u201d<\/em>\u00a0contra una de sus subordinadas por negarse a mantener relaciones \u00edntimas con \u00e9l.<\/p>\n\n\n\n<p>Los avances de la investigaci\u00f3n permitieron develar que la denunciante tambi\u00e9n hab\u00eda sufrido algunos episodios de abuso sexual. Uno de los hechos fue perpetrado en su lugar de trabajo y los restantes en otras ocasiones, pero&nbsp;<mark>Mart\u00ednez Zanelli siempre actu\u00f3 imponiendo su situaci\u00f3n de \u201c<em>superior<\/em>\u201d ante la mujer<\/mark>, surge del caso.<\/p>\n\n\n\n<p>A partir de las pruebas que reuni\u00f3 durante la instrucci\u00f3n la<strong>\u00a0fiscal Mar\u00eda Alejandra Obreg\u00f3n<\/strong>, los jueces\u00a0<strong>Pablo Salinas<\/strong>,\u00a0<strong>H\u00e9ctor Cort\u00e9s<\/strong>\u00a0y\u00a0<strong>Roberto Naciff<\/strong>\u00a0lo hallaron culpable en tres hechos de\u00a0<strong>abuso sexual agravado por ser cometido por un funcionario de la fuerza en ocasi\u00f3n de su funci\u00f3n<\/strong>\u00a0e\u00a0<strong>incumplimiento de los deberes de funcionario p\u00fablico<\/strong>, todo en contexto de violencia de g\u00e9nero.<\/p>\n\n\n\n<p>Los magistrados le impusieron&nbsp;<mark>una pena de tres a\u00f1os de prisi\u00f3n efectiva e inhabilitaci\u00f3n especial perpetua para desempe\u00f1arse como miembro de una fuerza de seguridad<\/mark>. Pese a la condena, Mart\u00ednez Zanelli continuar\u00e1 en libertad, tal como se mantuvo hasta el debate oral, hasta que el fallo en su contra quede firme.<\/p>\n\n\n\n<p>Por su parte, Maidana Mikunda, oriundo de la localidad de\u00a0<strong>Confluencia<\/strong>, provincia de\u00a0<strong>Neuqu\u00e9n<\/strong>, hab\u00eda quedado comprometido por las denuncias de\u00a0<em><mark>\u201cactos de misoginia, hostigamiento, discriminaci\u00f3n, violencia de g\u00e9nero y abuso de autoridad\u201d<\/mark><\/em>\u00a0perpetrados contra la oficial y la subalcaide.<\/p>\n\n\n\n<p>El an\u00e1lisis de los elementos presentados durante el debate desembocaron en una sentencia condenatoria por dos a\u00f1os de prisi\u00f3n en suspenso por dos hechos de incumplimiento de los deberes de funcionario p\u00fablico en contexto de violencia de g\u00e9nero.<\/p>\n\n\n\n<p>Pero eso no fue todo, los jueces tambi\u00e9n le hicieron un fuerte llamado de atenci\u00f3n al SPF, ya que&nbsp;<mark>recomendaron la creaci\u00f3n de un \u201c<strong><em>\u00c1rea de G\u00e9nero<\/em><\/strong>\u201c<\/mark>, as\u00ed como tambi\u00e9n que impulsen reformas para evitar dar patrocinio jur\u00eddico institucional a miembros de la fuerza que est\u00e9n acusados en casos de violencia de g\u00e9nero y graves<strong>&nbsp;violaciones de los Derechos Humanos<\/strong>.<\/p>\n\n\n\n<p>En tanto, le impusieron a Mart\u00ednez Zanelli y Maidana Mikunda que realicen talleres en materia de violencia de g\u00e9nero.<\/p>\n\n\n\n<h2 class=\"wp-block-heading\" id=\"h-los-hechos-en-detalle\">Los hechos en detalle<\/h2>\n\n\n\n<p>El 20 de marzo de 2020, la oficial que se desempe\u00f1aba como encargada de despacho de la Secci\u00f3n SAM del U-32, se present\u00f3 en una fiscal\u00eda federal para radicar la denuncia contra Mart\u00ednez Zinelli.<\/p>\n\n\n\n<p>La uniformada relat\u00f3 que conoc\u00eda a su superior desde hace tiempo y que\u00a0<mark>hasta ten\u00eda una relaci\u00f3n de \u201c<em>amistad<\/em>\u201d con su familia, ya que ambos viv\u00edan a\u00f1os atr\u00e1s en Misiones y terminaron trabajando en Mendoza<\/mark>.<\/p>\n\n\n\n<p>Sin embargo, con el tiempo el entonces jefe del Centro de Detenci\u00f3n federal de calle Espa\u00f1a&nbsp;<mark>comenz\u00f3 a enviarle mensajes con doble sentido, videos obscenos y la invitaba a salir en horario laboral<\/mark>, con la excusa de tomar un caf\u00e9 o simplemente para caminar. En esas ocasiones, siempre le aclaraba que&nbsp;<em>\u201cnadie le iba a llamar la atenci\u00f3n porque \u00e9l era el director del lugar\u201d<\/em>.<\/p>\n\n\n\n<p>Continuando con su presentaci\u00f3n, revel\u00f3 que en varias ocasiones Mart\u00ednez Zinelli se hac\u00eda presente en el sector donde ella trabajaba y frente a sus compa\u00f1eros le dec\u00eda que deb\u00eda retirarse porque entraba de franco.<\/p>\n\n\n\n<p>Acto seguido, le dec\u00eda que la iba a llevar hasta su casa y, en una oportunidad,\u00a0<mark>cuando la salud\u00f3 le corri\u00f3 el rostro y le pas\u00f3 la lengua por los labios<\/mark>, advirtiendo los investigadores que eso constitu\u00eda una situaci\u00f3n de abuso sexual.<\/p>\n\n\n\n<p>El segundo caso de similares caracter\u00edsticas tuvo lugar algunos d\u00edas despu\u00e9s, en medio de una charla en su lugar de trabajo, cuando Mart\u00ednez Zinelli le propin\u00f3 un golpe con la mano abierta en la pierna, a la altura del muslo y le dijo:<em>&nbsp;\u201cRaj\u00e1 de ac\u00e1 para que no pase a mayores\u201d.<\/em><\/p>\n\n\n\n<p>Luego de ese episodio, el ex director del U-32 le escribi\u00f3 por WhatsApp haci\u00e9ndole referencia a la situaci\u00f3n que acababa de suceder, le dijo&nbsp;<em>\u201ctengo que apuntar mejor\u201d<\/em>&nbsp;y luego le envi\u00f3 un video sexual.<\/p>\n\n\n\n<p>En tanto, el tercer hecho de abuso se registr\u00f3 durante el cumplea\u00f1os de la esposa de Mart\u00ednez Zinelli. La denunciante asisti\u00f3 acompa\u00f1ada por su marido, tambi\u00e9n penitenciario federal, pero eso no evit\u00f3 que,<mark>\u00a0en un momento, el acusado la tomara por la espalda y la manoseara en sus partes \u00edntimas<\/mark>.<\/p>\n\n\n\n<p>Todas esas situaciones llevaron a que la mujer decidiera radicar la denuncia en los Tribunales federales, pero se encontr\u00f3 con ciertas dificultades para hacerlo. El viernes 13 de marzo de ese a\u00f1o trat\u00f3 de dirigirse hacia la fiscal\u00eda, pero Maidana Mikunda la intercept\u00f3 y le dijo que el director hab\u00eda ordenado que ella no pod\u00eda salir de los l\u00edmites del Centro de Detenci\u00f3n.<\/p>\n\n\n\n<p>Incluso,&nbsp;<mark>en los d\u00edas previos a realizar la presentaci\u00f3n judicial, Mart\u00ednez Zinelli la amenaz\u00f3 con trasladarla al&nbsp;<strong>Complejo Penitenciario Federal VI de Cacheuta<\/strong><\/mark>: \u201c<em>No ten\u00e9s coronita, si no te gustan las cosas, al complejo\u201d<\/em>, le habr\u00eda dicho.<\/p>\n\n\n\n<p>A ra\u00edz de los hechos sufridos, la oficial sufri\u00f3 ataques de nervios y romp\u00eda en llanto frente a sus propios compa\u00f1eros.\u00a0<em>\u201cEst\u00e1s llorando, dej\u00e1 de llorar\u2026 \u00bfQuer\u00e9s que te pegue por la boca como le pego a mi hija cuando llora?\u201d<\/em>, fue una de las frases del acusado que plasm\u00f3 la funcionaria en el expediente.<\/p>\n\n\n\n<p>Por su parte, la subalcaide que tambi\u00e9n fue v\u00edctima de los maltratos por parte de Mart\u00ednez Zinelli y Maidana Mikunda,&nbsp;<mark>sostuvo que los dos jefes penitenciarios sancionaban de manera arbitraria al personal femenino<\/mark>.<\/p>\n\n\n\n<p>Agreg\u00f3 que ella sufri\u00f3 burlas por su estado f\u00edsico, luego de pasar por una licencia m\u00e9dica por estr\u00e9s laboral y depresi\u00f3n, que la llevaron a perder 13 kilos en s\u00f3lo seis meses.<\/p>\n\n\n\n<p>Luego de la denuncia de la oficial, la subalcaide se present\u00f3 como testigo en esa causa y cuando volvi\u00f3 a trabajar,\u00a0<mark>Mart\u00ednez Zinelli ley\u00f3 su declaraci\u00f3n frente a todos sus compa\u00f1eros para exponerla y humillarla<\/mark>, surge de la instrucci\u00f3n.<\/p>\n\n\n\n<p>A partir de ese momento, Maidana Mikunda, quien era su jefe, le hizo la vida imposible, haci\u00e9ndole permanentes llamados de atenci\u00f3n, cambios de horarios y turnos.<\/p>\n\n\n\n<p>Por eso, debi\u00f3 acudir a la subdirectora del Centro de Detenci\u00f3n, quien decidi\u00f3 trasladarla a la Divisi\u00f3n Administrativa para que no tuviera contacto con Maidana Mikunda y luego al Complejo Penitenciario VI.<\/p>\n\n\n\n<p>Poco m\u00e1s de cuatro a\u00f1os pasaron desde que se recepcionaron ambas denuncias y los dos acusados terminaron siendo sentenciados por los hechos relatados por ambas funcionarias.<\/p>\n\n\n\n<p><strong>Fuente: www.elsol.com.ar<\/strong><\/p>\n","protected":false},"excerpt":{"rendered":"<p>Hace poco m\u00e1s de cuatro a\u00f1os, un caso de abusos y maltratos en contexto de&nbsp;violencia de g\u00e9nero&nbsp;estall\u00f3 en el&nbsp;Centro de Detenci\u00f3n Judicial Unidad 32, ubicado en el mismo edificio que los&nbsp;Tribunales federales de Mendoza. Fueron una agente y una subalcaide las que denunciaron a dos superiores por una serie de situaciones que padecieron mientras cumpl\u00edan [&hellip;]<\/p>\n","protected":false},"author":2,"featured_media":7411,"comment_status":"open","ping_status":"open","sticky":false,"template":"","format":"standard","meta":[],"categories":[48],"tags":[],"_links":{"self":[{"href":"https:\/\/pasaenmendoza.com\/index.php?rest_route=\/wp\/v2\/posts\/7410"}],"collection":[{"href":"https:\/\/pasaenmendoza.com\/index.php?rest_route=\/wp\/v2\/posts"}],"about":[{"href":"https:\/\/pasaenmendoza.com\/index.php?rest_route=\/wp\/v2\/types\/post"}],"author":[{"embeddable":true,"href":"https:\/\/pasaenmendoza.com\/index.php?rest_route=\/wp\/v2\/users\/2"}],"replies":[{"embeddable":true,"href":"https:\/\/pasaenmendoza.com\/index.php?rest_route=%2Fwp%2Fv2%2Fcomments&post=7410"}],"version-history":[{"count":1,"href":"https:\/\/pasaenmendoza.com\/index.php?rest_route=\/wp\/v2\/posts\/7410\/revisions"}],"predecessor-version":[{"id":7412,"href":"https:\/\/pasaenmendoza.com\/index.php?rest_route=\/wp\/v2\/posts\/7410\/revisions\/7412"}],"wp:featuredmedia":[{"embeddable":true,"href":"https:\/\/pasaenmendoza.com\/index.php?rest_route=\/wp\/v2\/media\/7411"}],"wp:attachment":[{"href":"https:\/\/pasaenmendoza.com\/index.php?rest_route=%2Fwp%2Fv2%2Fmedia&parent=7410"}],"wp:term":[{"taxonomy":"category","embeddable":true,"href":"https:\/\/pasaenmendoza.com\/index.php?rest_route=%2Fwp%2Fv2%2Fcategories&post=7410"},{"taxonomy":"post_tag","embeddable":true,"href":"https:\/\/pasaenmendoza.com\/index.php?rest_route=%2Fwp%2Fv2%2Ftags&post=7410"}],"curies":[{"name":"wp","href":"https:\/\/api.w.org\/{rel}","templated":true}]}}