{"id":7425,"date":"2024-05-10T02:39:58","date_gmt":"2024-05-10T00:39:58","guid":{"rendered":"https:\/\/pasaenmendoza.com\/?p=7425"},"modified":"2024-05-10T02:39:59","modified_gmt":"2024-05-10T00:39:59","slug":"reclamos-millones-en-juego-y-falta-de-legitimidad-como-impacto-el-paro-en-mendoza","status":"publish","type":"post","link":"https:\/\/pasaenmendoza.com\/?p=7425","title":{"rendered":"Reclamos, millones en juego y falta de legitimidad: c\u00f3mo impact\u00f3 el paro en Mendoza"},"content":{"rendered":"\n<p>Ocurre en los cuentos cl\u00e1sicos adaptados y tambi\u00e9n en la vida pol\u00edtica argentina: deba haber \u201cbuenos y malos\u201d, esa grieta en la que se posicionan unos y otros seg\u00fan el punto de vista. Pero la realidad tiene matices distintos y el\u00a0<strong>paro general\u00a0<\/strong>de hoy es un ejemplo. Lo decidieron dirigentes pol\u00edticos deslegitimados, contra un presidente que tiene alta valoraci\u00f3n popular, pero que a la vez tom\u00f3 medidas que impactaron negativamente en la situaci\u00f3n econ\u00f3mica, productiva y social de las familias y las empresas. \u00a0El contexto es dram\u00e1tico para muchos; pero no\u00a0 hay reacci\u00f3n popular ante esa situaci\u00f3n y, menos, alguien que represente el malestar que se puede gestar.\u00a0En un cuento cl\u00e1sico ser\u00e1 complejo poner &#8220;buenos y malos&#8221; de manera lineal.<\/p>\n\n\n\n<p>El&nbsp;<strong>paro general<\/strong>&nbsp;tuvo un impacto difuso en&nbsp;<strong>Mendoza<\/strong>, pues la actividad baj\u00f3 sensiblemente. Las consecuencias fueron m\u00e1s econ\u00f3micas, por la poca actividad, que pol\u00edticas. Hubo un ritmo cansino; pero con servicios disponibles. M\u00e1s maestros que alumnos y, sobre todo, m\u00e1s colectivos que pasajeros. En el transporte p\u00fablico es donde m\u00e1s se not\u00f3 el tibio impacto de la medida de fuerza en los trabajadores de \u00e1reas cr\u00edticas&nbsp;y la baja \u201cpreventiva\u201d en la circulaci\u00f3n de personas. En paralelo hay otros servicios que s\u00ed tienen problemas, pero m\u00e1s relacionados con tensiones propias que por la convocatoria de la CGT. Es lo que pasa, por ejemplo, en Tribunales.<\/p>\n\n\n\n<p>El Gobierno de la provincia monitore\u00f3 el impacto en cada \u00e1rea y ten\u00eda ejecut\u00f3 la misma estrategia: garantizar la apertura de escuelas, hospitales, comisar\u00edas y oficinas p\u00fablicas cr\u00edticas. Pero sobre todo que haya transporte p\u00fablico. Ese servicio tiene dos diferenciales importantes en Mendoza que ayudan a disuadir las medidas de fuerza. La principal tiene que ver con la administraci\u00f3n y financiamiento del sistema. El pago es por kil\u00f3metro recorrido y se monitorean todas las unidades. Por eso si se disminuyen las frecuencias, las empresas tienen menos ingresos de manera inmediata.<\/p>\n\n\n\n<p>El volumen de dinero es importante. Por d\u00eda las empresas reciben 400 millones de pesos. Si el\u00a0<strong>paro\u00a0<\/strong>hubiera sido total, ese es el monto que les hubieran descontado. Tambi\u00e9n se aplican descuentos a los choferes. \u201cEl pago depende de las empresas. Si deciden pagar a pesar del paro, la plata no sale de lo que abona el Estado con subsidios\u201d, explicaron.<\/p>\n\n\n\n<p>Seg\u00fan los datos oficiales, los colectivos de las l\u00edneas privadas funcionaron a un 75%. Si liquidan seg\u00fan ese dato, recibir\u00e1n 100 millones de pesos menos. Para el Gobierno el costo ser\u00e1 mayor, pues pagar\u00e1 m\u00e1s por cada kil\u00f3metro recorrido porque se transportaron menos pasajeros. El gremio de los choferes de Mendoza, el&nbsp;<strong>Sipemom<\/strong>, adhiere a la&nbsp;<strong>CGT<\/strong>, pero no est\u00e1 directamente alineado con la&nbsp;<strong>UTA&nbsp;<\/strong>y se maneja de manera independiente.<\/p>\n\n\n\n<p><strong>Alfredo Cornejo\u00a0<\/strong>logr\u00f3 cerrar paritarias con casi todos los gremios, principalmente los m\u00e1s potentes en capacidad de movilizaci\u00f3n, como los docentes.\u00a0<strong>Mendoza\u00a0<\/strong>tiene una baja tradici\u00f3n de adhesi\u00f3n, salvo en casos de conflictos agudos. El aval legal a los descuentos de d\u00edas de paro, la inercia del \u00edtem aula ayudan a esa desmovilizaci\u00f3n. \u00a0<\/p>\n\n\n\n<p>Con esos acuerdos bajo el brazo, cualquier reclamo que tenga repercusi\u00f3n vern\u00e1cula queda desfasado. M\u00e1s que oportuno fue el acuerdo con los m\u00e9dicos. As\u00ed como los acuerdos locales amenguaron el impacto de la medida nacional; el&nbsp;<strong>paro&nbsp;<\/strong>de la CGT disimula un conflicto profundo que crece en Mendoza. Se trata del parate del Poder Judicial por reclamos salariales, que suman d\u00edas y actores. Esa medida de fuerza se extender\u00e1.<\/p>\n\n\n\n<h2 class=\"wp-block-heading\">Impacto<\/h2>\n\n\n\n<p>El an\u00e1lisis del impacto pol\u00edtico de la medida de fuerza puede tener resultados no lineales. De hecho hay una especie de \u00e9pica reversa: Milei y los gobernadores que adhieren creen que se fortalecen si van contra la medida y sus dirigentes.&nbsp;Ya era el Presidente que hab\u00eda tenido el&nbsp;<strong>paro general&nbsp;<\/strong>&#8220;m\u00e1s r\u00e1pido de la historia&#8221;, y ahora tambi\u00e9n es el que tiene el peor r\u00e9cord en cuanto a la cantidad de paros por d\u00edas de gobierno: a Milei le hacen un&nbsp;<strong>paro&nbsp;<\/strong>cada 75 d\u00edas. El dato no es necesariamente negativo.&nbsp;Alberto Fern\u00e1ndez no tuvo ning\u00fan paro, pero fue uno de los presidentes que dej\u00f3 el cargo con peor consideraci\u00f3n p\u00fablica.<\/p>\n\n\n\n<p>Para el Presidente mayo ser\u00e1 un mes fundamental: arranc\u00f3 con el debate de la ley bases en el Senado, hoy se ejecut\u00f3 un paro y el 25 deber\u00eda firmarse el pacto que anunci\u00f3 como pol\u00edtica de Estado. Por ahora la acci\u00f3n m\u00e1s lineal fue la que no depend\u00eda de \u00e9l, es decir la medida de fuerza.<\/p>\n\n\n\n<figure class=\"wp-block-image\"><img decoding=\"async\" src=\"https:\/\/www.mdzol.com\/u\/fotografias\/m\/2024\/5\/9\/f768x1-1591811_1591938_7.jpg\" alt=\"\"\/><\/figure>\n\n\n\n<p>El investigador&nbsp;<strong>Marcelo Bermol\u00e9n<\/strong>, Director del Observatorio de la Calidad Institucional de la Universidad Austral, realiz\u00f3 un profundo an\u00e1lisis hist\u00f3rico y actual de las medidas de fuerza ejecutadas contra todos los presidentes desde el retorno de la democracia. Algunas conclusiones saltan a la vista, como la enorme diferencia entre las gestiones de presidentes peronistas y las de no peronistas. Pero tambi\u00e9n hay detalles finos. &#8220;Javier Milei obtiene el r\u00e9cord de recibir el primer paro general m\u00e1s r\u00e1pido convocado en contra de un presidente en la historia de la democracia e integra el podio -junto a De la R\u00faa y Duhalde- de los Presidentes a los que el sindicalismo les realiz\u00f3 el segundo paro m\u00e1s r\u00e1pido (alrededor de 5 meses de iniciado el gobierno)&#8221;, indica el informe.<\/p>\n\n\n\n<p>El&nbsp;<strong>paro&nbsp;<\/strong>&#8220;44&#8221;, que es el segundo realizado contra Milei, tiene dos particularidades.&nbsp;Se ejecuta en mayo, &#8220;un mes tradicionalmente festivo en el que se celebra la gesta patri\u00f3tica de 1810. Y se hace con &#8220;celeridad, urgencia y hostilidad&#8221; en la convocatoria, seg\u00fan analiza el director de la Escuela de Gobierno de la UA. &#8220;Todos los presidentes de gen no peronista recibieron un paro general durante el mes de mayo, en alg\u00fan a\u00f1o de sus mandatos. El lenguaje y los tonos utilizados en declaraciones vertidas por algunos de los lideres sindicales que encabezan la medida de fuerza, alimentan el fantasma desestabilizante y las presiones a las que se hiciera referencia&#8221;, agrega como dato.<\/p>\n\n\n\n<p>En contraste,\u00a0<strong>Milei\u00a0<\/strong>tiene a\u00fan una alta consideraci\u00f3n p\u00fablica, particularmente en Mendoza. Por eso la medida de fuerza puede fortalecer esa idea, a\u00fan cuando la misma poblaci\u00f3n que dice apoyarlo, reconoce que el ajuste no lo paga la casta, sino la poblaci\u00f3n general (as\u00ed lo indica la encuesta mensual publicada por la consultora Reale Dalla Torre).<\/p>\n\n\n\n<p><strong>Fuente: www.mdzol.com<\/strong><\/p>\n","protected":false},"excerpt":{"rendered":"<p>Ocurre en los cuentos cl\u00e1sicos adaptados y tambi\u00e9n en la vida pol\u00edtica argentina: deba haber \u201cbuenos y malos\u201d, esa grieta en la que se posicionan unos y otros seg\u00fan el punto de vista. Pero la realidad tiene matices distintos y el\u00a0paro general\u00a0de hoy es un ejemplo. Lo decidieron dirigentes pol\u00edticos deslegitimados, contra un presidente que [&hellip;]<\/p>\n","protected":false},"author":2,"featured_media":7426,"comment_status":"open","ping_status":"open","sticky":false,"template":"","format":"standard","meta":[],"categories":[99],"tags":[],"_links":{"self":[{"href":"https:\/\/pasaenmendoza.com\/index.php?rest_route=\/wp\/v2\/posts\/7425"}],"collection":[{"href":"https:\/\/pasaenmendoza.com\/index.php?rest_route=\/wp\/v2\/posts"}],"about":[{"href":"https:\/\/pasaenmendoza.com\/index.php?rest_route=\/wp\/v2\/types\/post"}],"author":[{"embeddable":true,"href":"https:\/\/pasaenmendoza.com\/index.php?rest_route=\/wp\/v2\/users\/2"}],"replies":[{"embeddable":true,"href":"https:\/\/pasaenmendoza.com\/index.php?rest_route=%2Fwp%2Fv2%2Fcomments&post=7425"}],"version-history":[{"count":1,"href":"https:\/\/pasaenmendoza.com\/index.php?rest_route=\/wp\/v2\/posts\/7425\/revisions"}],"predecessor-version":[{"id":7427,"href":"https:\/\/pasaenmendoza.com\/index.php?rest_route=\/wp\/v2\/posts\/7425\/revisions\/7427"}],"wp:featuredmedia":[{"embeddable":true,"href":"https:\/\/pasaenmendoza.com\/index.php?rest_route=\/wp\/v2\/media\/7426"}],"wp:attachment":[{"href":"https:\/\/pasaenmendoza.com\/index.php?rest_route=%2Fwp%2Fv2%2Fmedia&parent=7425"}],"wp:term":[{"taxonomy":"category","embeddable":true,"href":"https:\/\/pasaenmendoza.com\/index.php?rest_route=%2Fwp%2Fv2%2Fcategories&post=7425"},{"taxonomy":"post_tag","embeddable":true,"href":"https:\/\/pasaenmendoza.com\/index.php?rest_route=%2Fwp%2Fv2%2Ftags&post=7425"}],"curies":[{"name":"wp","href":"https:\/\/api.w.org\/{rel}","templated":true}]}}