{"id":7428,"date":"2024-05-10T14:41:15","date_gmt":"2024-05-10T12:41:15","guid":{"rendered":"https:\/\/pasaenmendoza.com\/?p=7428"},"modified":"2024-05-10T14:41:17","modified_gmt":"2024-05-10T12:41:17","slug":"es-oficial-el-acuerdo-entre-alfredo-cornejo-y-javier-milei-para-liberar-los-us1-023-millones","status":"publish","type":"post","link":"https:\/\/pasaenmendoza.com\/?p=7428","title":{"rendered":"Es oficial el acuerdo entre Alfredo Cornejo y Javier Milei para liberar los US$1.023 millones"},"content":{"rendered":"\n<p>Este viernes se public\u00f3 en el Bolet\u00edn Oficial la adenda que firm\u00f3 el gobernador con el Gobierno nacional para invertir los fondos que para Portezuelo del Viento en otras obras de infraestructura.<\/p>\n\n\n\n<p>Durante su discurso ante la Asamblea Legislativa del 1 de mayo, el gobernador\u00a0<strong>Alfredo Cornejo<\/strong>\u00a0anunci\u00f3 la firma de una adenda del acuerdo con el Gobierno de\u00a0<strong>Javier Milei<\/strong>\u00a0que habilita la ampliaci\u00f3n del destino de los 1.023 millones de d\u00f3lares que iban a utilizarse para financiar la construcci\u00f3n de\u00a0<strong>Portezuelo del Viento<\/strong>. Este viernes se public\u00f3 en el Bolet\u00edn Oficial la modificaci\u00f3n al convenio original que en los pr\u00f3ximos d\u00edas deber\u00e1 ser ratificada por la Legislatura.<\/p>\n\n\n\n<p>A trav\u00e9s del Decreto N\u00b0 883, el mandatario provincial aprob\u00f3 la Adenda al Acuerdo entre el Estado Nacional y la Provincia de Mendoza, firmado el 25 de abril de 2024 por\u00a0<strong>Cornejo\u00a0<\/strong>y los ministros de Econom\u00eda, Luis Caputo, y del Interior, Guillermo Francos.<\/p>\n\n\n\n<p>El segundo art\u00edculo de la norma publicada hoy en el Bolet\u00edn Oficial establece que \u201clos fondos objeto del acuerdo aprobado (\u2026) ser\u00e1n aplicados exclusivamente a financiar obras de infraestructura necesarias para el desarrollo provincial y sus accesorios, quedando expresamente prohibida su aplicaci\u00f3n a gastos corrientes\u201d.<\/p>\n\n\n\n<p>Este decreto deber\u00e1 ser ratificado ahora por la Legislatura provincial para su entrada en vigencia definitiva y que el Gobierno provincial pueda disponer de los recursos. La modificaci\u00f3n aprobada busca blindar legalmente la utilizaci\u00f3n de los fondos para distintas obras de infraestructura y no exclusivamente a proyectos hidroel\u00e9ctricos.<\/p>\n\n\n\n<p>El acuerdo firmado el 13 de junio de 2019 por el entonces presidente Mauricio Macri y por\u00a0<strong>Cornejo\u00a0<\/strong>en su primera gesti\u00f3n al frente de la provincia resolvi\u00f3 el reclamo de Mendoza por los perjuicios provocados por la promoci\u00f3n industrial durante la d\u00e9cada de los 90, que hab\u00edan derivado en una demanda judicial ante la Corte Suprema de Justicia. Las partes acordaron que Naci\u00f3n transferir\u00eda 1023 millones de d\u00f3lares a modo de compensaci\u00f3n.<\/p>\n\n\n\n<p>En la cl\u00e1usula tercera del acta qued\u00f3 establecido que los recursos se utilizar\u00edan para el financiamiento de la represa Portezuelo del Viento \u201cy\/u otras obras h\u00eddricas necesarias para el desarrollo de la generaci\u00f3n hidroel\u00e9ctrica provincial\u201d.<\/p>\n\n\n\n<p>Ca\u00edda la posibilidad de avanzar con la presa proyectada en Malarg\u00fce, el Gobierno de Mendoza inici\u00f3 para que esos fondos puedan tener un destino m\u00e1s amplio y no exclusivamente para obras hidroel\u00e9ctricas.<\/p>\n\n\n\n<p>En los fundamentos del decreto publicado hoy en el Bolet\u00edn Oficial, el Ejecutivo resalta los impedimentos que tuvo el avance de Portezuelo del Viento. Se\u00f1al\u00f3 que fueron el dictado del laudo presidencial de Alberto Fern\u00e1ndez el 22 de diciembre de 2022, la falta de cr\u00e9dito presupuestario a los fines de que COIRCO inicie los trabajos preliminares para concretar los estudios pertinentes derivados del laudo, la incertidumbre sobre los recursos econ\u00f3micos y temporales que dicha actividad requiere y la paralizaci\u00f3n de las actuaciones administrativas.<\/p>\n\n\n\n<p>\u201cLa Provincia concert\u00f3 con el Estado Nacional la conveniencia de ampliar el objeto del Acuerdo pudiendo, asimismo, realizar obras de infraestructura necesarias para el desarrollo provincial conforme el r\u00e9gimen jur\u00eddico local\u201d, destac\u00f3.<\/p>\n\n\n\n<p>El primer punto de la adenda sustituye la cl\u00e1usula tercera del acuerdo, la cual qued\u00f3 redactada de la siguiente menera: &#8220;CL\u00c1USULA TERCERA: La Provincia se compromete a llevar adelante la ejecuci\u00f3n de la Obra y\/u otras obras de infraestructura necesarias para su desarrollo. La Obra se ejecutar\u00e1 conforme al r\u00e9gimen jur\u00eddico provincial y las disposiciones acordadas en el Comit\u00e9 Interjurisdiccional del R\u00edo Colorado. Las otras obras de infraestructura necesarias para el desarrollo provincial se ejecutar\u00e1n conforme el r\u00e9gimen jur\u00eddico provincial, y respecto de las cuales, el Estado Nacional no asume ning\u00fan compromiso adicional alguno para su ejecuci\u00f3n. Las letras intransferibles ser\u00e1n depositadas en una cuenta comitente de la Provincia en el Banco de Naci\u00f3n la Argentina y sus servicios ser\u00e1n transferidos a un fideicomiso que ser\u00e1 constituido por la Provincia a los fines de su ejecuci\u00f3n. Las amortizaciones de las letras pagadas y pendientes de pago deber\u00e1n aplicarse gradualmente a ejecutar las obras que la Provincia defina, quedando \u00e9sta facultada a realizar inversiones transitorias de bajo riesgo necesarias a fin de preservar el valor real y constante de la moneda\u201d.<\/p>\n\n\n\n<p>De esta manera, Mendoza queda habilitada para usar los 1023 millones en \u201cotras obras de infraestructura necesarias para su desarrollo\u201d y hace especial hincapi\u00e9 en que las mismas \u201cse ejecutar\u00e1n conforme el r\u00e9gimen jur\u00eddico provincial, y respecto de las cuales, el Estado Nacional no asume ning\u00fan compromiso adicional alguno para su ejecuci\u00f3n\u201d.<\/p>\n\n\n\n<p>FUENTE: MDZonline.<\/p>\n","protected":false},"excerpt":{"rendered":"<p>Este viernes se public\u00f3 en el Bolet\u00edn Oficial la adenda que firm\u00f3 el gobernador con el Gobierno nacional para invertir los fondos que para Portezuelo del Viento en otras obras de infraestructura. Durante su discurso ante la Asamblea Legislativa del 1 de mayo, el gobernador\u00a0Alfredo Cornejo\u00a0anunci\u00f3 la firma de una adenda del acuerdo con el [&hellip;]<\/p>\n","protected":false},"author":2,"featured_media":7429,"comment_status":"open","ping_status":"open","sticky":true,"template":"","format":"standard","meta":[],"categories":[47],"tags":[],"_links":{"self":[{"href":"https:\/\/pasaenmendoza.com\/index.php?rest_route=\/wp\/v2\/posts\/7428"}],"collection":[{"href":"https:\/\/pasaenmendoza.com\/index.php?rest_route=\/wp\/v2\/posts"}],"about":[{"href":"https:\/\/pasaenmendoza.com\/index.php?rest_route=\/wp\/v2\/types\/post"}],"author":[{"embeddable":true,"href":"https:\/\/pasaenmendoza.com\/index.php?rest_route=\/wp\/v2\/users\/2"}],"replies":[{"embeddable":true,"href":"https:\/\/pasaenmendoza.com\/index.php?rest_route=%2Fwp%2Fv2%2Fcomments&post=7428"}],"version-history":[{"count":1,"href":"https:\/\/pasaenmendoza.com\/index.php?rest_route=\/wp\/v2\/posts\/7428\/revisions"}],"predecessor-version":[{"id":7430,"href":"https:\/\/pasaenmendoza.com\/index.php?rest_route=\/wp\/v2\/posts\/7428\/revisions\/7430"}],"wp:featuredmedia":[{"embeddable":true,"href":"https:\/\/pasaenmendoza.com\/index.php?rest_route=\/wp\/v2\/media\/7429"}],"wp:attachment":[{"href":"https:\/\/pasaenmendoza.com\/index.php?rest_route=%2Fwp%2Fv2%2Fmedia&parent=7428"}],"wp:term":[{"taxonomy":"category","embeddable":true,"href":"https:\/\/pasaenmendoza.com\/index.php?rest_route=%2Fwp%2Fv2%2Fcategories&post=7428"},{"taxonomy":"post_tag","embeddable":true,"href":"https:\/\/pasaenmendoza.com\/index.php?rest_route=%2Fwp%2Fv2%2Ftags&post=7428"}],"curies":[{"name":"wp","href":"https:\/\/api.w.org\/{rel}","templated":true}]}}